{"id":13300,"date":"2016-07-16T01:14:52","date_gmt":"2016-07-16T00:14:52","guid":{"rendered":"http:\/\/www.associationdemarie.org\/blog\/?p=13300"},"modified":"2016-06-29T15:16:54","modified_gmt":"2016-06-29T14:16:54","slug":"voici-mon-serviteur-il-ne-protestera-pas-il-ne-criera-pas","status":"publish","type":"post","link":"https:\/\/www.associationdemarie.org\/blog\/voici-mon-serviteur-il-ne-protestera-pas-il-ne-criera-pas\/","title":{"rendered":"\u00ab Voici mon serviteur&#8230; Il ne protestera pas, il ne criera pas. \u00bb"},"content":{"rendered":"<p><a href=\"https:\/\/www.associationdemarie.org\/blog\/wp-content\/uploads\/2016\/06\/10229906.jpg\"><img loading=\"lazy\" decoding=\"async\" class=\"aligncenter  wp-image-13291\" src=\"https:\/\/www.associationdemarie.org\/blog\/wp-content\/uploads\/2016\/06\/10229906.jpg\" alt=\"10229906\" width=\"380\" height=\"497\" srcset=\"https:\/\/www.associationdemarie.org\/blog\/wp-content\/uploads\/2016\/06\/10229906.jpg 424w, https:\/\/www.associationdemarie.org\/blog\/wp-content\/uploads\/2016\/06\/10229906-229x300.jpg 229w\" sizes=\"auto, (max-width: 380px) 100vw, 380px\" \/><\/a><\/p>\n<p>Dieu ne pouvait pas vivre avec les hommes, \u00e0 moins de prendre une mani\u00e8re humaine de penser et de r\u00e9agir. C&rsquo;est pourquoi il a voil\u00e9 sous l&rsquo;humilit\u00e9 l&rsquo;\u00e9clat de sa majest\u00e9, que la faiblesse humaine n&rsquo;aurait pas pu supporter. Tout cela n&rsquo;\u00e9tait pas digne de lui, mais c&rsquo;\u00e9tait n\u00e9cessaire \u00e0 l&rsquo;homme, et du coup cela devenait digne de Dieu, car rien n&rsquo;est aussi digne de Dieu que le salut de l&rsquo;homme&#8230;<\/p>\n<p>Tout ce que Dieu perd, l&rsquo;homme le gagne, si bien que tous les abaissements que mon Dieu a soufferts pour \u00eatre pr\u00e8s de nous sont le sacrement du salut des hommes. Dieu agissait avec les hommes, pour que l&rsquo;homme apprenne \u00e0 agir sur le plan divin. Dieu traitait d&rsquo;\u00e9gal \u00e0 \u00e9gal avec l&rsquo;homme, pour que l&rsquo;homme puisse agir d&rsquo;\u00e9gal \u00e0 \u00e9gal avec Dieu. Dieu s&rsquo;est fait petit pour que l&rsquo;homme devienne grand.<\/p>\n<p>Tertullien (v. 155-v. 220), th\u00e9ologien<br \/>\nContre Marcion, 2, 27 ; PL II, 316-317<\/p>\n<p>&nbsp;<\/p>\n<p>&nbsp;<\/p>\n<p>&nbsp;<\/p>\n","protected":false},"excerpt":{"rendered":"<p>Dieu ne pouvait pas vivre avec les hommes, \u00e0 moins de prendre une mani\u00e8re humaine de penser et de r\u00e9agir. C&rsquo;est pourquoi il a voil\u00e9 sous l&rsquo;humilit\u00e9 l&rsquo;\u00e9clat de sa majest\u00e9, que la faiblesse humaine n&rsquo;aurait pas pu supporter. Tout cela n&rsquo;\u00e9tait pas digne de lui, mais c&rsquo;\u00e9tait n\u00e9cessaire \u00e0 l&rsquo;homme, et du coup cela [&hellip;]<\/p>\n","protected":false},"author":2,"featured_media":0,"comment_status":"closed","ping_status":"closed","sticky":false,"template":"","format":"standard","meta":{"footnotes":""},"categories":[3,13,1261],"tags":[495,1427],"class_list":["post-13300","post","type-post","status-publish","format-standard","hentry","category-liturgique","category-ecritures","category-enseignement-2","tag-incarnation","tag-tertullien"],"_links":{"self":[{"href":"https:\/\/www.associationdemarie.org\/blog\/wp-json\/wp\/v2\/posts\/13300","targetHints":{"allow":["GET"]}}],"collection":[{"href":"https:\/\/www.associationdemarie.org\/blog\/wp-json\/wp\/v2\/posts"}],"about":[{"href":"https:\/\/www.associationdemarie.org\/blog\/wp-json\/wp\/v2\/types\/post"}],"author":[{"embeddable":true,"href":"https:\/\/www.associationdemarie.org\/blog\/wp-json\/wp\/v2\/users\/2"}],"replies":[{"embeddable":true,"href":"https:\/\/www.associationdemarie.org\/blog\/wp-json\/wp\/v2\/comments?post=13300"}],"version-history":[{"count":2,"href":"https:\/\/www.associationdemarie.org\/blog\/wp-json\/wp\/v2\/posts\/13300\/revisions"}],"predecessor-version":[{"id":13302,"href":"https:\/\/www.associationdemarie.org\/blog\/wp-json\/wp\/v2\/posts\/13300\/revisions\/13302"}],"wp:attachment":[{"href":"https:\/\/www.associationdemarie.org\/blog\/wp-json\/wp\/v2\/media?parent=13300"}],"wp:term":[{"taxonomy":"category","embeddable":true,"href":"https:\/\/www.associationdemarie.org\/blog\/wp-json\/wp\/v2\/categories?post=13300"},{"taxonomy":"post_tag","embeddable":true,"href":"https:\/\/www.associationdemarie.org\/blog\/wp-json\/wp\/v2\/tags?post=13300"}],"curies":[{"name":"wp","href":"https:\/\/api.w.org\/{rel}","templated":true}]}}