{"id":13290,"date":"2016-07-13T01:49:34","date_gmt":"2016-07-13T00:49:34","guid":{"rendered":"http:\/\/www.associationdemarie.org\/blog\/?p=13290"},"modified":"2016-06-28T05:51:01","modified_gmt":"2016-06-28T04:51:01","slug":"evangile-de-jesus-christ-selon-saint-matthieu-1125-27","status":"publish","type":"post","link":"https:\/\/www.associationdemarie.org\/blog\/evangile-de-jesus-christ-selon-saint-matthieu-1125-27\/","title":{"rendered":"\u00c9vangile de J\u00e9sus Christ selon saint Matthieu 11,25-27."},"content":{"rendered":"<p>En ce temps-l\u00e0, J\u00e9sus prit la parole et dit : \u00ab P\u00e8re, Seigneur du ciel et de la terre, je proclame ta louange : ce que tu as cach\u00e9 aux sages et aux savants, tu l\u2019as r\u00e9v\u00e9l\u00e9 aux tout-petits.<br \/>\nOui, P\u00e8re, tu l\u2019as voulu ainsi dans ta bienveillance.<br \/>\nTout m\u2019a \u00e9t\u00e9 remis par mon P\u00e8re ; personne ne conna\u00eet le Fils, sinon le P\u00e8re, et personne ne conna\u00eet le P\u00e8re, sinon le Fils, et celui \u00e0 qui le Fils veut le r\u00e9v\u00e9ler.<\/p>\n<p><a href=\"https:\/\/www.associationdemarie.org\/blog\/wp-content\/uploads\/2016\/06\/10229906.jpg\"><img loading=\"lazy\" decoding=\"async\" class=\"aligncenter  wp-image-13291\" src=\"https:\/\/www.associationdemarie.org\/blog\/wp-content\/uploads\/2016\/06\/10229906.jpg\" alt=\"10229906\" width=\"321\" height=\"420\" srcset=\"https:\/\/www.associationdemarie.org\/blog\/wp-content\/uploads\/2016\/06\/10229906.jpg 424w, https:\/\/www.associationdemarie.org\/blog\/wp-content\/uploads\/2016\/06\/10229906-229x300.jpg 229w\" sizes=\"auto, (max-width: 321px) 100vw, 321px\" \/><\/a><\/p>\n<p>Nous avons \u00e9t\u00e9 pr\u00e9destin\u00e9s par un d\u00e9cret de Celui qui op\u00e8re toutes choses selon le conseil de sa volont\u00e9, afin que nous soyons la \u00ab louange de sa gloire \u00bb (Ep 1,6.12.14). C&rsquo;est saint Paul qui parle ainsi, saint Paul instruit par Dieu lui-m\u00eame. Comment r\u00e9aliser ce grand r\u00eave du C\u0153ur de notre Dieu, ce vouloir immuable sur nos \u00e2mes ? Comment, en un mot, r\u00e9pondre \u00e0 notre vocation et devenir parfaites \u00ab louanges de gloire \u00bb de la tr\u00e8s sainte Trinit\u00e9 ?<\/p>\n<p>Au ciel, chaque \u00e2me est une louange de gloire au P\u00e8re, au Verbe, \u00e0 l&rsquo;Esprit Saint, parce que chaque \u00e2me est fix\u00e9e dans le pur amour et ne vit plus de sa vie propre, mais de la vie de Dieu. Alors elle le conna\u00eet, dit saint Paul, \u00ab comme elle est connue de lui \u00bb (1Co 13,12) ; en d&rsquo;autres termes, son entendement est l&rsquo;entendement de Dieu, sa volont\u00e9 est la volont\u00e9 de Dieu, son amour est l&rsquo;amour m\u00eame de Dieu. C&rsquo;est en r\u00e9alit\u00e9 l&rsquo;Esprit d&rsquo;amour et de force qui transforme l&rsquo;\u00e2me, car lui ayant \u00e9t\u00e9 donn\u00e9 pour suppl\u00e9er \u00e0 ce qui lui manquait, comme dit encore saint Paul, il op\u00e8re en elle cette glorieuse transformation (cf. Rm 8,26)&#8230;<\/p>\n<p>Une louange de gloire, c&rsquo;est une \u00e2me qui demeure en Dieu, qui l&rsquo;aime d&rsquo;un amour pur et d\u00e9sint\u00e9ress\u00e9, sans se rechercher dans la douceur de cet amour ; c&rsquo;est une \u00e2me qui l&rsquo;aime par dessus tous ses dons et quand m\u00eame elle n&rsquo;aurait rien re\u00e7u de lui&#8230; Une louange de gloire est un \u00eatre toujours dans l&rsquo;action de gr\u00e2ces. Chacun de ses actes, de ses mouvements, chacune de ses pens\u00e9es, de ses aspirations, en m\u00eame temps qu&rsquo;ils l&rsquo;enracinent plus profond\u00e9ment dans l&rsquo;amour, sont comme un \u00e9cho du Sanctus \u00e9ternel.<\/p>\n<p>Bienheureuse \u00c9lisabeth de la Trinit\u00e9 (1880-1906), carm\u00e9lite<br \/>\nLe Ciel dans la foi (OC, Cerf 1991, p. 125)<\/p>\n<p>&nbsp;<\/p>\n<p>&nbsp;<\/p>\n<p>&nbsp;<\/p>\n","protected":false},"excerpt":{"rendered":"<p>En ce temps-l\u00e0, J\u00e9sus prit la parole et dit : \u00ab P\u00e8re, Seigneur du ciel et de la terre, je proclame ta louange : ce que tu as cach\u00e9 aux sages et aux savants, tu l\u2019as r\u00e9v\u00e9l\u00e9 aux tout-petits. Oui, P\u00e8re, tu l\u2019as voulu ainsi dans ta bienveillance. Tout m\u2019a \u00e9t\u00e9 remis par mon P\u00e8re [&hellip;]<\/p>\n","protected":false},"author":2,"featured_media":0,"comment_status":"closed","ping_status":"closed","sticky":false,"template":"","format":"standard","meta":{"footnotes":""},"categories":[3,13,1261,28],"tags":[1224,592],"class_list":["post-13290","post","type-post","status-publish","format-standard","hentry","category-liturgique","category-ecritures","category-enseignement-2","category-saints-et-saintes","tag-bienheureuse-elisabeth-de-la-trinite","tag-louange"],"_links":{"self":[{"href":"https:\/\/www.associationdemarie.org\/blog\/wp-json\/wp\/v2\/posts\/13290","targetHints":{"allow":["GET"]}}],"collection":[{"href":"https:\/\/www.associationdemarie.org\/blog\/wp-json\/wp\/v2\/posts"}],"about":[{"href":"https:\/\/www.associationdemarie.org\/blog\/wp-json\/wp\/v2\/types\/post"}],"author":[{"embeddable":true,"href":"https:\/\/www.associationdemarie.org\/blog\/wp-json\/wp\/v2\/users\/2"}],"replies":[{"embeddable":true,"href":"https:\/\/www.associationdemarie.org\/blog\/wp-json\/wp\/v2\/comments?post=13290"}],"version-history":[{"count":1,"href":"https:\/\/www.associationdemarie.org\/blog\/wp-json\/wp\/v2\/posts\/13290\/revisions"}],"predecessor-version":[{"id":13292,"href":"https:\/\/www.associationdemarie.org\/blog\/wp-json\/wp\/v2\/posts\/13290\/revisions\/13292"}],"wp:attachment":[{"href":"https:\/\/www.associationdemarie.org\/blog\/wp-json\/wp\/v2\/media?parent=13290"}],"wp:term":[{"taxonomy":"category","embeddable":true,"href":"https:\/\/www.associationdemarie.org\/blog\/wp-json\/wp\/v2\/categories?post=13290"},{"taxonomy":"post_tag","embeddable":true,"href":"https:\/\/www.associationdemarie.org\/blog\/wp-json\/wp\/v2\/tags?post=13290"}],"curies":[{"name":"wp","href":"https:\/\/api.w.org\/{rel}","templated":true}]}}