{"id":13253,"date":"2022-07-06T01:20:45","date_gmt":"2022-07-06T00:20:45","guid":{"rendered":"http:\/\/www.associationdemarie.org\/blog\/?p=13253"},"modified":"2022-06-15T06:58:34","modified_gmt":"2022-06-15T05:58:34","slug":"et-judas-liscariote-celui-la-meme-qui-le-livra","status":"publish","type":"post","link":"https:\/\/www.associationdemarie.org\/blog\/et-judas-liscariote-celui-la-meme-qui-le-livra\/","title":{"rendered":"\u00ab Et Judas l&rsquo;Iscariote, celui-l\u00e0 m\u00eame qui le livra. \u00bb"},"content":{"rendered":"<p><a href=\"https:\/\/www.associationdemarie.org\/blog\/wp-content\/uploads\/2016\/06\/01-enseignement.jpg\"><img loading=\"lazy\" decoding=\"async\" class=\"aligncenter wp-image-13254\" src=\"https:\/\/www.associationdemarie.org\/blog\/wp-content\/uploads\/2016\/06\/01-enseignement.jpg\" alt=\"01-enseignement\" width=\"425\" height=\"618\" srcset=\"https:\/\/www.associationdemarie.org\/blog\/wp-content\/uploads\/2016\/06\/01-enseignement.jpg 684w, https:\/\/www.associationdemarie.org\/blog\/wp-content\/uploads\/2016\/06\/01-enseignement-206x300.jpg 206w\" sizes=\"auto, (max-width: 425px) 100vw, 425px\" \/><\/a><\/p>\n<p>\u00ab Le Christ appela ses disciples et en choisit douze \u00bb pour les envoyer, semeurs de la foi, propager le secours et le salut des hommes dans le monde entier. Remarquez ce plan divin : ce ne sont pas des sages, ni des riches, ni des nobles, mais des p\u00e9cheurs et des publicains qu&rsquo;il a choisis pour les envoyer, de crainte qu&rsquo;ils ne semblent avoir \u00e9t\u00e9 entra\u00een\u00e9s par l&rsquo;habilet\u00e9, rachet\u00e9s par les richesses, attir\u00e9s \u00e0 sa gr\u00e2ce par le prestige du pouvoir et de la notori\u00e9t\u00e9. Il a fait ainsi pour que la victoire vienne du bien-fond\u00e9 de la v\u00e9rit\u00e9, et non pas du prestige du discours.<\/p>\n<p>Judas lui-m\u00eame est choisi, non par m\u00e9garde mais en connaissance de cause. Quelle grandeur de cette v\u00e9rit\u00e9 que m\u00eame un serviteur ennemi ne peut pas affaiblir ! Quel trait de caract\u00e8re du Seigneur, qui pr\u00e9f\u00e8re compromettre \u00e0 nos yeux son jugement plut\u00f4t que son amour ! Il s&rsquo;\u00e9tait charg\u00e9 de la faiblesse humaine et n&rsquo;a pas refus\u00e9 m\u00eame cet aspect de la faiblesse humaine. Il a voulu l&rsquo;abandon, il a voulu la trahison, il a voulu \u00eatre livr\u00e9 par son ap\u00f4tre, pour que toi, si un compagnon t&rsquo;abandonne, si un compagnon te trahit, tu prennes avec calme cette erreur de jugement et la dilapidation de ta bont\u00e9.<\/p>\n<p><strong>Saint Ambroise (v. 340-397), \u00e9v\u00eaque de Milan et docteur de l&rsquo;\u00c9glise<\/strong><br \/>\nCommentaire sur l&rsquo;\u00e9vangile de Luc, V, 44-45 (trad. cf SC 45, p. 199)<\/p>\n<p>&nbsp;<\/p>\n<p>&nbsp;<\/p>\n<p>&nbsp;<\/p>\n","protected":false},"excerpt":{"rendered":"<p>\u00ab Le Christ appela ses disciples et en choisit douze \u00bb pour les envoyer, semeurs de la foi, propager le secours et le salut des hommes dans le monde entier. Remarquez ce plan divin : ce ne sont pas des sages, ni des riches, ni des nobles, mais des p\u00e9cheurs et des publicains qu&rsquo;il a [&hellip;]<\/p>\n","protected":false},"author":2,"featured_media":0,"comment_status":"closed","ping_status":"closed","sticky":false,"template":"","format":"standard","meta":{"footnotes":""},"categories":[3,13,1261,28],"tags":[86,305,1007],"class_list":["post-13253","post","type-post","status-publish","format-standard","hentry","category-liturgique","category-ecritures","category-enseignement-2","category-saints-et-saintes","tag-appel","tag-disciples","tag-st-ambroise"],"_links":{"self":[{"href":"https:\/\/www.associationdemarie.org\/blog\/wp-json\/wp\/v2\/posts\/13253","targetHints":{"allow":["GET"]}}],"collection":[{"href":"https:\/\/www.associationdemarie.org\/blog\/wp-json\/wp\/v2\/posts"}],"about":[{"href":"https:\/\/www.associationdemarie.org\/blog\/wp-json\/wp\/v2\/types\/post"}],"author":[{"embeddable":true,"href":"https:\/\/www.associationdemarie.org\/blog\/wp-json\/wp\/v2\/users\/2"}],"replies":[{"embeddable":true,"href":"https:\/\/www.associationdemarie.org\/blog\/wp-json\/wp\/v2\/comments?post=13253"}],"version-history":[{"count":3,"href":"https:\/\/www.associationdemarie.org\/blog\/wp-json\/wp\/v2\/posts\/13253\/revisions"}],"predecessor-version":[{"id":21829,"href":"https:\/\/www.associationdemarie.org\/blog\/wp-json\/wp\/v2\/posts\/13253\/revisions\/21829"}],"wp:attachment":[{"href":"https:\/\/www.associationdemarie.org\/blog\/wp-json\/wp\/v2\/media?parent=13253"}],"wp:term":[{"taxonomy":"category","embeddable":true,"href":"https:\/\/www.associationdemarie.org\/blog\/wp-json\/wp\/v2\/categories?post=13253"},{"taxonomy":"post_tag","embeddable":true,"href":"https:\/\/www.associationdemarie.org\/blog\/wp-json\/wp\/v2\/tags?post=13253"}],"curies":[{"name":"wp","href":"https:\/\/api.w.org\/{rel}","templated":true}]}}