{"id":13216,"date":"2016-06-25T01:36:20","date_gmt":"2016-06-25T00:36:20","guid":{"rendered":"http:\/\/www.associationdemarie.org\/blog\/?p=13216"},"modified":"2016-06-10T17:37:45","modified_gmt":"2016-06-10T16:37:45","slug":"il-a-pris-nos-souffrances-il-a-porte-nos-maladies","status":"publish","type":"post","link":"https:\/\/www.associationdemarie.org\/blog\/il-a-pris-nos-souffrances-il-a-porte-nos-maladies\/","title":{"rendered":"\u00ab Il a pris nos souffrances, il a port\u00e9 nos maladies. \u00bb"},"content":{"rendered":"<p><a href=\"https:\/\/www.associationdemarie.org\/blog\/wp-content\/uploads\/2016\/06\/cid_65661363-7BAE-431C-B5D0-33CCA3439303.jpg\"><img loading=\"lazy\" decoding=\"async\" class=\"aligncenter  wp-image-13217\" src=\"https:\/\/www.associationdemarie.org\/blog\/wp-content\/uploads\/2016\/06\/cid_65661363-7BAE-431C-B5D0-33CCA3439303.jpg\" alt=\"!cid_65661363-7BAE-431C-B5D0-33CCA3439303\" width=\"528\" height=\"287\" srcset=\"https:\/\/www.associationdemarie.org\/blog\/wp-content\/uploads\/2016\/06\/cid_65661363-7BAE-431C-B5D0-33CCA3439303.jpg 1496w, https:\/\/www.associationdemarie.org\/blog\/wp-content\/uploads\/2016\/06\/cid_65661363-7BAE-431C-B5D0-33CCA3439303-300x163.jpg 300w, https:\/\/www.associationdemarie.org\/blog\/wp-content\/uploads\/2016\/06\/cid_65661363-7BAE-431C-B5D0-33CCA3439303-1024x556.jpg 1024w\" sizes=\"auto, (max-width: 528px) 100vw, 528px\" \/><\/a><\/p>\n<p>Pour vous tous, fr\u00e8res \u00e9prouv\u00e9s, visit\u00e9s par la souffrance aux mille visages, le Concile a un message tout sp\u00e9cial. Il sent fix\u00e9s sur lui vos yeux implorants, brillants de fi\u00e8vre ou abattus par la fatigue, regards interrogateurs qui cherchent en vain le pourquoi de la souffrance humaine, et qui demandent anxieusement quand et d&rsquo;o\u00f9 viendra le r\u00e9confort. Fr\u00e8res tr\u00e8s chers, nous sentons profond\u00e9ment retentir dans nos c\u0153urs de p\u00e8res et de pasteurs vos g\u00e9missements et vos plaintes. Et notre peine s&rsquo;accro\u00eet \u00e0 la pens\u00e9e qu&rsquo;il n&rsquo;est pas en notre pouvoir de vous apporter la sant\u00e9 corporelle ni la diminution de vos douleurs physiques, que m\u00e9decins, infirmi\u00e8res, et tous ceux qui se consacrent aux malades s&rsquo;efforcent de soulager de leur mieux.<\/p>\n<p>Mais nous avons quelque chose de plus profond et de plus pr\u00e9cieux \u00e0 vous donner : la seule v\u00e9rit\u00e9 capable de r\u00e9pondre au myst\u00e8re de la souffrance et de vous apporter un soulagement sans illusion : la foi et l&rsquo;union \u00e0 l&rsquo;Homme des douleurs (Is 53,3), au Christ, Fils de Dieu, mis en croix pour nos p\u00e9ch\u00e9s et pour notre salut. Le Christ n&rsquo;a pas supprim\u00e9 la souffrance ; il n&rsquo;a m\u00eame pas voulu nous en d\u00e9voiler enti\u00e8rement le myst\u00e8re : il l&rsquo;a prise sur lui, et c&rsquo;est assez pour que nous en comprenions tout le prix.<\/p>\n<p>Vous tous, qui sentez plus lourdement le poids de la croix, vous qui \u00eates pauvres et d\u00e9laiss\u00e9s, vous qui pleurez, vous qui \u00eates pers\u00e9cut\u00e9s pour la justice (Mt 5,5.10), vous sur lesquels on se tait, vous les inconnus de la douleur, reprenez courage : vous \u00eates les pr\u00e9f\u00e9r\u00e9s du Royaume de Dieu, le royaume de l&rsquo;esp\u00e9rance, du bonheur et de la vie. Vous \u00eates les fr\u00e8res du Christ souffrant ; et avec lui, si vous le voulez, vous sauvez le monde ! Voil\u00e0 la compr\u00e9hension chr\u00e9tienne de la souffrance, la seule qui donne la paix. Sachez que vous n&rsquo;\u00eates pas seuls, ni s\u00e9par\u00e9s, ni abandonn\u00e9s, ni inutiles ; vous \u00eates les appel\u00e9s du Christ, sa vivante et transparente image.<\/p>\n<p>Concile Vatican II<br \/>\nMessage aux pauvres, aux malades, \u00e0 tous qui ceux qui souffrent<\/p>\n<p>&nbsp;<\/p>\n<p>&nbsp;<\/p>\n","protected":false},"excerpt":{"rendered":"<p>Pour vous tous, fr\u00e8res \u00e9prouv\u00e9s, visit\u00e9s par la souffrance aux mille visages, le Concile a un message tout sp\u00e9cial. Il sent fix\u00e9s sur lui vos yeux implorants, brillants de fi\u00e8vre ou abattus par la fatigue, regards interrogateurs qui cherchent en vain le pourquoi de la souffrance humaine, et qui demandent anxieusement quand et d&rsquo;o\u00f9 viendra [&hellip;]<\/p>\n","protected":false},"author":2,"featured_media":0,"comment_status":"closed","ping_status":"closed","sticky":false,"template":"","format":"standard","meta":{"footnotes":""},"categories":[3,13,1261],"tags":[621,777,997,1174],"class_list":["post-13216","post","type-post","status-publish","format-standard","hentry","category-liturgique","category-ecritures","category-enseignement-2","tag-malades","tag-passion","tag-souffrance","tag-vatican-2"],"_links":{"self":[{"href":"https:\/\/www.associationdemarie.org\/blog\/wp-json\/wp\/v2\/posts\/13216","targetHints":{"allow":["GET"]}}],"collection":[{"href":"https:\/\/www.associationdemarie.org\/blog\/wp-json\/wp\/v2\/posts"}],"about":[{"href":"https:\/\/www.associationdemarie.org\/blog\/wp-json\/wp\/v2\/types\/post"}],"author":[{"embeddable":true,"href":"https:\/\/www.associationdemarie.org\/blog\/wp-json\/wp\/v2\/users\/2"}],"replies":[{"embeddable":true,"href":"https:\/\/www.associationdemarie.org\/blog\/wp-json\/wp\/v2\/comments?post=13216"}],"version-history":[{"count":1,"href":"https:\/\/www.associationdemarie.org\/blog\/wp-json\/wp\/v2\/posts\/13216\/revisions"}],"predecessor-version":[{"id":13218,"href":"https:\/\/www.associationdemarie.org\/blog\/wp-json\/wp\/v2\/posts\/13216\/revisions\/13218"}],"wp:attachment":[{"href":"https:\/\/www.associationdemarie.org\/blog\/wp-json\/wp\/v2\/media?parent=13216"}],"wp:term":[{"taxonomy":"category","embeddable":true,"href":"https:\/\/www.associationdemarie.org\/blog\/wp-json\/wp\/v2\/categories?post=13216"},{"taxonomy":"post_tag","embeddable":true,"href":"https:\/\/www.associationdemarie.org\/blog\/wp-json\/wp\/v2\/tags?post=13216"}],"curies":[{"name":"wp","href":"https:\/\/api.w.org\/{rel}","templated":true}]}}