{"id":13213,"date":"2016-06-24T01:13:25","date_gmt":"2016-06-24T00:13:25","guid":{"rendered":"http:\/\/www.associationdemarie.org\/blog\/?p=13213"},"modified":"2016-06-09T18:15:17","modified_gmt":"2016-06-09T17:15:17","slug":"nativite-de-saint-jean-baptiste-solennite-4","status":"publish","type":"post","link":"https:\/\/www.associationdemarie.org\/blog\/nativite-de-saint-jean-baptiste-solennite-4\/","title":{"rendered":"Nativit\u00e9 de saint Jean Baptiste, solennit\u00e9"},"content":{"rendered":"<p><a href=\"https:\/\/www.associationdemarie.org\/blog\/wp-content\/uploads\/2016\/06\/Nativita_di_San_Giovanni_Battista_X.jpg\"><img loading=\"lazy\" decoding=\"async\" class=\"aligncenter wp-image-13214\" src=\"https:\/\/www.associationdemarie.org\/blog\/wp-content\/uploads\/2016\/06\/Nativita_di_San_Giovanni_Battista_X.jpg\" alt=\"Nativita_di_San_Giovanni_Battista_X\" width=\"349\" height=\"427\" srcset=\"https:\/\/www.associationdemarie.org\/blog\/wp-content\/uploads\/2016\/06\/Nativita_di_San_Giovanni_Battista_X.jpg 474w, https:\/\/www.associationdemarie.org\/blog\/wp-content\/uploads\/2016\/06\/Nativita_di_San_Giovanni_Battista_X-245x300.jpg 245w\" sizes=\"auto, (max-width: 349px) 100vw, 349px\" \/><\/a><\/p>\n<p>Le plus grand des hommes a \u00e9t\u00e9 envoy\u00e9 pour rendre t\u00e9moignage \u00e0 Celui qui \u00e9tait plus qu&rsquo;un homme. En effet, quand celui qui est \u00ab le plus grand d&rsquo;entre les enfants des femmes \u00bb (Mt 11,11) dit : \u00ab Je ne suis pas le Christ \u00bb (Jn 1,20) et s&rsquo;humilie devant le Christ, il nous faut comprendre qu&rsquo;il y a dans le Christ plus qu&rsquo;un homme&#8230; \u00ab De sa pl\u00e9nitude nous avons tous re\u00e7u \u00bb (Jn 1,16). Qu&rsquo;est-ce \u00e0 dire, \u00ab nous tous \u00bb? C&rsquo;est-\u00e0-dire que les patriarches, les proph\u00e8tes et les saints ap\u00f4tres, ceux qui ont pr\u00e9c\u00e9d\u00e9 l&rsquo;Incarnation ou qui ont \u00e9t\u00e9 envoy\u00e9s depuis par le Verbe incarn\u00e9 lui-m\u00eame, \u00ab nous avons tous re\u00e7u de sa pl\u00e9nitude \u00bb. Nous sommes des vases, il est la source. Donc&#8230;, Jean est homme, le Christ est Dieu : il faut que l&rsquo;homme s&rsquo;humilie, pour que Dieu soit exalt\u00e9.<\/p>\n<p>C&rsquo;est pour apprendre \u00e0 l&rsquo;homme \u00e0 s&rsquo;humilier que Jean est n\u00e9 le jour \u00e0 partir duquel les jours commencent \u00e0 d\u00e9cro\u00eetre ; pour nous montrer que Dieu doit \u00eatre exalt\u00e9, J\u00e9sus Christ est n\u00e9 le jour o\u00f9 les jours commencent \u00e0 cro\u00eetre. Il y a ici un enseignement profond\u00e9ment myst\u00e9rieux. Nous c\u00e9l\u00e9brons la nativit\u00e9 de Jean comme celle du Christ, parce que cette nativit\u00e9 est pleine de myst\u00e8re. De quel myst\u00e8re ? Du myst\u00e8re de notre grandeur. Diminuons en nous-m\u00eames, pour cro\u00eetre en Dieu ; humilions-nous dans notre bassesse, pour \u00eatre exalt\u00e9s dans sa grandeur.<\/p>\n<p>Saint Augustin (354-430), \u00e9v\u00eaque d&rsquo;Hippone (Afrique du Nord) et docteur de l&rsquo;\u00c9glise<br \/>\nSermon 289, 3\u00e8me pour la Nativit\u00e9 de Jean-Baptiste<\/p>\n","protected":false},"excerpt":{"rendered":"<p>Le plus grand des hommes a \u00e9t\u00e9 envoy\u00e9 pour rendre t\u00e9moignage \u00e0 Celui qui \u00e9tait plus qu&rsquo;un homme. En effet, quand celui qui est \u00ab le plus grand d&rsquo;entre les enfants des femmes \u00bb (Mt 11,11) dit : \u00ab Je ne suis pas le Christ \u00bb (Jn 1,20) et s&rsquo;humilie devant le Christ, il nous [&hellip;]<\/p>\n","protected":false},"author":2,"featured_media":0,"comment_status":"closed","ping_status":"closed","sticky":false,"template":"","format":"standard","meta":{"footnotes":""},"categories":[3,16,28],"tags":[1012,1042],"class_list":["post-13213","post","type-post","status-publish","format-standard","hentry","category-liturgique","category-jardins-de-la-bible","category-saints-et-saintes","tag-st-augustin","tag-st-jean-baptiste"],"_links":{"self":[{"href":"https:\/\/www.associationdemarie.org\/blog\/wp-json\/wp\/v2\/posts\/13213","targetHints":{"allow":["GET"]}}],"collection":[{"href":"https:\/\/www.associationdemarie.org\/blog\/wp-json\/wp\/v2\/posts"}],"about":[{"href":"https:\/\/www.associationdemarie.org\/blog\/wp-json\/wp\/v2\/types\/post"}],"author":[{"embeddable":true,"href":"https:\/\/www.associationdemarie.org\/blog\/wp-json\/wp\/v2\/users\/2"}],"replies":[{"embeddable":true,"href":"https:\/\/www.associationdemarie.org\/blog\/wp-json\/wp\/v2\/comments?post=13213"}],"version-history":[{"count":1,"href":"https:\/\/www.associationdemarie.org\/blog\/wp-json\/wp\/v2\/posts\/13213\/revisions"}],"predecessor-version":[{"id":13215,"href":"https:\/\/www.associationdemarie.org\/blog\/wp-json\/wp\/v2\/posts\/13213\/revisions\/13215"}],"wp:attachment":[{"href":"https:\/\/www.associationdemarie.org\/blog\/wp-json\/wp\/v2\/media?parent=13213"}],"wp:term":[{"taxonomy":"category","embeddable":true,"href":"https:\/\/www.associationdemarie.org\/blog\/wp-json\/wp\/v2\/categories?post=13213"},{"taxonomy":"post_tag","embeddable":true,"href":"https:\/\/www.associationdemarie.org\/blog\/wp-json\/wp\/v2\/tags?post=13213"}],"curies":[{"name":"wp","href":"https:\/\/api.w.org\/{rel}","templated":true}]}}