{"id":13172,"date":"2016-05-29T08:33:33","date_gmt":"2016-05-29T07:33:33","guid":{"rendered":"http:\/\/www.associationdemarie.org\/blog\/?p=13172"},"modified":"2016-05-29T08:33:33","modified_gmt":"2016-05-29T07:33:33","slug":"13172","status":"publish","type":"post","link":"https:\/\/www.associationdemarie.org\/blog\/13172\/","title":{"rendered":""},"content":{"rendered":"<p><iframe loading=\"lazy\" title=\"Jubil\u00e9 de la mis\u00e9ricorde - O J\u00e9sus mis\u00e9ricordieux je t&#039;adore\" width=\"500\" height=\"375\" src=\"https:\/\/www.youtube.com\/embed\/Qz-jixTfDRc?feature=oembed\" frameborder=\"0\" allow=\"accelerometer; autoplay; clipboard-write; encrypted-media; gyroscope; picture-in-picture; web-share\" referrerpolicy=\"strict-origin-when-cross-origin\" allowfullscreen><\/iframe><\/p>\n<p>&nbsp;<\/p>\n<p>J\u00e9sus est le visage vivant de la mis\u00e9ricorde divine du P\u00e8re.<br \/>\nAdorons J\u00e9sus mis\u00e9ricordieux.<br \/>\n\u00ab\u00a0Soyez mis\u00e9ricordieux comme le P\u00e8re est mis\u00e9ricordieux !\u00a0\u00bb<br \/>\nL&rsquo;ann\u00e9e sainte de la mis\u00e9ricorde commence le 8 d\u00e9cembre 2015, f\u00eate de l&rsquo;Immacul\u00e9e Conception, Marie, con\u00e7ue sans p\u00e9ch\u00e9 et m\u00e8re de mis\u00e9ricorde. Elle se terminera le 20 novembre 2016, f\u00eate du J\u00e9sus Christ, Roi de l&rsquo;univers.<br \/>\nAu P\u00e8re en J\u00e9sus le Fils, par Marie !<\/p>\n<p>musique : \u00d4 J\u00e9sus mis\u00e9ricordieux (extrait d&rsquo;un chant m\u00e9ditatif du Verbe de Vie)<br \/>\nD&rsquo;apr\u00e8s les paroles de Sainte Faustine , ap\u00f4tre de la mis\u00e9ricorde divine<\/p>\n<p>R\/ : O J\u00e9sus mis\u00e9ricordieux,<br \/>\nJe t&rsquo;adore, j&rsquo;ai confiance en toi.<\/p>\n<p>1. Des torrents d&rsquo;eaux vives jaillissent de ton c\u0153ur,<br \/>\nDes sources vives et pures de ta mis\u00e9ricorde,<br \/>\nD\u00e9salt\u00e8re mon \u00e2me et renouvelle ma vie.<br \/>\nSans fin Seigneur, je veux vivre pour toi.<\/p>\n<p>2. Ta mis\u00e9ricorde dans le Saint Sacrement,<br \/>\nC&rsquo;est ce que ton amour a daign\u00e9 m&rsquo;accorder,<br \/>\nMon \u00e2me esp\u00e8re en toi et elle s&rsquo;abandonne \u00e0 toi.<br \/>\nTu es fid\u00e8le et tu ne d\u00e9\u00e7ois pas.<\/p>\n<p>3. Feu br\u00fblant au c\u0153ur de ton amour divin,<br \/>\nTu consume mon c\u0153ur et tu le purifies,<br \/>\nEmbrase-moi d&rsquo;amour, conduis-moi par ton Esprit,<br \/>\nConsacre moi \u00e0 ta mis\u00e9ricorde.<\/p>\n<p>4. Je te livre ma vie, accepte-la.<br \/>\nComme une hostie vivante, daigne la transformer,<br \/>\nPour la gloire de ton nom, je veux faire ta volont\u00e9.<br \/>\nO mon J\u00e9sus, ma confiance est en toi.<\/p>\n<p>&nbsp;<\/p>\n<p>&nbsp;<\/p>\n<p>&nbsp;<\/p>\n<p>&nbsp;<\/p>\n","protected":false},"excerpt":{"rendered":"<p>&nbsp; J\u00e9sus est le visage vivant de la mis\u00e9ricorde divine du P\u00e8re. Adorons J\u00e9sus mis\u00e9ricordieux. \u00ab\u00a0Soyez mis\u00e9ricordieux comme le P\u00e8re est mis\u00e9ricordieux !\u00a0\u00bb L&rsquo;ann\u00e9e sainte de la mis\u00e9ricorde commence le 8 d\u00e9cembre 2015, f\u00eate de l&rsquo;Immacul\u00e9e Conception, Marie, con\u00e7ue sans p\u00e9ch\u00e9 et m\u00e8re de mis\u00e9ricorde. Elle se terminera le 20 novembre 2016, f\u00eate du J\u00e9sus [&hellip;]<\/p>\n","protected":false},"author":2,"featured_media":0,"comment_status":"closed","ping_status":"closed","sticky":false,"template":"","format":"standard","meta":{"footnotes":""},"categories":[27],"tags":[535,678,832,1094],"class_list":["post-13172","post","type-post","status-publish","format-standard","hentry","category-prieres","tag-jesus","tag-misericorde","tag-priere-et-chants","tag-ste-faustine"],"_links":{"self":[{"href":"https:\/\/www.associationdemarie.org\/blog\/wp-json\/wp\/v2\/posts\/13172","targetHints":{"allow":["GET"]}}],"collection":[{"href":"https:\/\/www.associationdemarie.org\/blog\/wp-json\/wp\/v2\/posts"}],"about":[{"href":"https:\/\/www.associationdemarie.org\/blog\/wp-json\/wp\/v2\/types\/post"}],"author":[{"embeddable":true,"href":"https:\/\/www.associationdemarie.org\/blog\/wp-json\/wp\/v2\/users\/2"}],"replies":[{"embeddable":true,"href":"https:\/\/www.associationdemarie.org\/blog\/wp-json\/wp\/v2\/comments?post=13172"}],"version-history":[{"count":1,"href":"https:\/\/www.associationdemarie.org\/blog\/wp-json\/wp\/v2\/posts\/13172\/revisions"}],"predecessor-version":[{"id":13173,"href":"https:\/\/www.associationdemarie.org\/blog\/wp-json\/wp\/v2\/posts\/13172\/revisions\/13173"}],"wp:attachment":[{"href":"https:\/\/www.associationdemarie.org\/blog\/wp-json\/wp\/v2\/media?parent=13172"}],"wp:term":[{"taxonomy":"category","embeddable":true,"href":"https:\/\/www.associationdemarie.org\/blog\/wp-json\/wp\/v2\/categories?post=13172"},{"taxonomy":"post_tag","embeddable":true,"href":"https:\/\/www.associationdemarie.org\/blog\/wp-json\/wp\/v2\/tags?post=13172"}],"curies":[{"name":"wp","href":"https:\/\/api.w.org\/{rel}","templated":true}]}}