{"id":13169,"date":"2016-06-13T01:21:44","date_gmt":"2016-06-13T00:21:44","guid":{"rendered":"http:\/\/www.associationdemarie.org\/blog\/?p=13169"},"modified":"2016-05-29T08:23:29","modified_gmt":"2016-05-29T07:23:29","slug":"moi-je-vous-dis-de-ne-pas-riposter-au-mechant-3","status":"publish","type":"post","link":"https:\/\/www.associationdemarie.org\/blog\/moi-je-vous-dis-de-ne-pas-riposter-au-mechant-3\/","title":{"rendered":"\u00ab Moi, je vous dis de ne pas riposter au m\u00e9chant. \u00bb"},"content":{"rendered":"<p><a href=\"https:\/\/www.associationdemarie.org\/blog\/wp-content\/uploads\/2016\/05\/Ordinaire_7_A_121A.gif\"><img loading=\"lazy\" decoding=\"async\" class=\"aligncenter size-full wp-image-13170\" src=\"https:\/\/www.associationdemarie.org\/blog\/wp-content\/uploads\/2016\/05\/Ordinaire_7_A_121A.gif\" alt=\"Ordinaire_7_A_121A\" width=\"400\" height=\"367\" \/><\/a><\/p>\n<p>C&rsquo;est au nom du Dieu juste et bon et de son Fils J\u00e9sus que nous vous exhortons, jeunes gens et jeunes filles du monde entier, \u00e0 \u00e9largir vos c\u0153urs aux dimensions du monde, \u00e0 entendre l&rsquo;appel de vos fr\u00e8res et \u00e0 mettre hardiment \u00e0 leur service vos jeunes \u00e9nergies. Luttez contre tout \u00e9go\u00efsme. Refusez de laisser libre cours aux instincts de violence et de haine qui engendrent les guerres et leur cort\u00e8ge de mis\u00e8res. Soyez g\u00e9n\u00e9reux, purs, respectueux, sinc\u00e8res. Et construisez dans l&rsquo;enthousiasme un monde meilleur que celui de vos a\u00een\u00e9s !<\/p>\n<p>L&rsquo;\u00c9glise vous regarde avec confiance et avec amour. Riche d&rsquo;un long pass\u00e9 toujours vivant en elle, et marchant vers la perfection humaine dans le temps et vers les destin\u00e9es ultimes de l&rsquo;histoire et de la vie, elle est la vraie jeunesse du monde. Elle poss\u00e8de ce qui fait la force et le charme des jeunes : la facult\u00e9 de se r\u00e9jouir de ce qui commence, de se donner sans retour, de se renouveler et de repartir pour de nouvelles conqu\u00eates. Regardez-la et vous retrouverez en elle le visage du Christ, le vrai h\u00e9ros, humble et sage, le proph\u00e8te de la v\u00e9rit\u00e9 et de l&rsquo;amour, le compagnon et l&rsquo;ami des jeunes. C&rsquo;est bien au nom du Christ que nous vous saluons, que nous vous exhortons et vous b\u00e9nissons.<\/p>\n<p>Concile Vatican II<br \/>\nMessage aux jeunes<\/p>\n<p>&nbsp;<\/p>\n<p>&nbsp;<\/p>\n<p>&nbsp;<\/p>\n","protected":false},"excerpt":{"rendered":"<p>C&rsquo;est au nom du Dieu juste et bon et de son Fils J\u00e9sus que nous vous exhortons, jeunes gens et jeunes filles du monde entier, \u00e0 \u00e9largir vos c\u0153urs aux dimensions du monde, \u00e0 entendre l&rsquo;appel de vos fr\u00e8res et \u00e0 mettre hardiment \u00e0 leur service vos jeunes \u00e9nergies. Luttez contre tout \u00e9go\u00efsme. Refusez de [&hellip;]<\/p>\n","protected":false},"author":2,"featured_media":0,"comment_status":"closed","ping_status":"closed","sticky":false,"template":"","format":"standard","meta":{"footnotes":""},"categories":[3,13,1261],"tags":[65,336,541,1174],"class_list":["post-13169","post","type-post","status-publish","format-standard","hentry","category-liturgique","category-ecritures","category-enseignement-2","tag-amour-et-paix","tag-eglise","tag-jeunesse","tag-vatican-2"],"_links":{"self":[{"href":"https:\/\/www.associationdemarie.org\/blog\/wp-json\/wp\/v2\/posts\/13169","targetHints":{"allow":["GET"]}}],"collection":[{"href":"https:\/\/www.associationdemarie.org\/blog\/wp-json\/wp\/v2\/posts"}],"about":[{"href":"https:\/\/www.associationdemarie.org\/blog\/wp-json\/wp\/v2\/types\/post"}],"author":[{"embeddable":true,"href":"https:\/\/www.associationdemarie.org\/blog\/wp-json\/wp\/v2\/users\/2"}],"replies":[{"embeddable":true,"href":"https:\/\/www.associationdemarie.org\/blog\/wp-json\/wp\/v2\/comments?post=13169"}],"version-history":[{"count":1,"href":"https:\/\/www.associationdemarie.org\/blog\/wp-json\/wp\/v2\/posts\/13169\/revisions"}],"predecessor-version":[{"id":13171,"href":"https:\/\/www.associationdemarie.org\/blog\/wp-json\/wp\/v2\/posts\/13169\/revisions\/13171"}],"wp:attachment":[{"href":"https:\/\/www.associationdemarie.org\/blog\/wp-json\/wp\/v2\/media?parent=13169"}],"wp:term":[{"taxonomy":"category","embeddable":true,"href":"https:\/\/www.associationdemarie.org\/blog\/wp-json\/wp\/v2\/categories?post=13169"},{"taxonomy":"post_tag","embeddable":true,"href":"https:\/\/www.associationdemarie.org\/blog\/wp-json\/wp\/v2\/tags?post=13169"}],"curies":[{"name":"wp","href":"https:\/\/api.w.org\/{rel}","templated":true}]}}