{"id":13159,"date":"2016-06-11T02:21:01","date_gmt":"2016-06-11T01:21:01","guid":{"rendered":"http:\/\/www.associationdemarie.org\/blog\/?p=13159"},"modified":"2016-05-26T20:22:35","modified_gmt":"2016-05-26T19:22:35","slug":"terre","status":"publish","type":"post","link":"https:\/\/www.associationdemarie.org\/blog\/terre\/","title":{"rendered":"Terre"},"content":{"rendered":"<p><a href=\"https:\/\/www.associationdemarie.org\/blog\/wp-content\/uploads\/2016\/05\/cid_D283C90D-C830-465D-8816-4E7AC51BE3A7.jpg\"><img loading=\"lazy\" decoding=\"async\" class=\"aligncenter  wp-image-13160\" src=\"https:\/\/www.associationdemarie.org\/blog\/wp-content\/uploads\/2016\/05\/cid_D283C90D-C830-465D-8816-4E7AC51BE3A7.jpg\" alt=\"!cid_D283C90D-C830-465D-8816-4E7AC51BE3A7\" width=\"470\" height=\"313\" srcset=\"https:\/\/www.associationdemarie.org\/blog\/wp-content\/uploads\/2016\/05\/cid_D283C90D-C830-465D-8816-4E7AC51BE3A7.jpg 495w, https:\/\/www.associationdemarie.org\/blog\/wp-content\/uploads\/2016\/05\/cid_D283C90D-C830-465D-8816-4E7AC51BE3A7-300x200.jpg 300w\" sizes=\"auto, (max-width: 470px) 100vw, 470px\" \/><\/a><\/p>\n<p>Dieu Tout-Puissant qui es pr\u00e9sent dans tout l\u2019univers et dans la plus petite de tes cr\u00e9atures, Toi qui entoures de ta tendresse tout ce qui existe, r\u00e9pands sur nous la force de ton amour pour que nous prot\u00e9gions la vie et la beaut\u00e9.<br \/>\nInonde-nous de paix, pour que nous vivions comme fr\u00e8res et soeurs sans causer de dommages \u00e0 personne.<br \/>\n\u00d4 Dieu des pauvres, aide-nous \u00e0 secourir les abandonn\u00e9s et les oubli\u00e9s de cette terre qui valent tant \u00e0 tes yeux.<br \/>\nGu\u00e9ris nos vies, pour que nous soyons des protecteurs du monde et non des pr\u00e9dateurs, pour que nous semions la beaut\u00e9 et non la pollution ni la destruction. Touche les coeurs de ceux qui cherchent seulement des profits aux d\u00e9pens de la terre et des pauvres.<br \/>\nApprends-nous \u00e0 d\u00e9couvrir la valeur de chaque chose, \u00e0 contempler, \u00e9merveill\u00e9s, \u00e0 reconna\u00eetre que nous sommes profond\u00e9ment unis \u00e0 toutes les cr\u00e9atures sur notre chemin vers ta lumi\u00e8re infinie.<br \/>\nMerci parce que tu es avec nous tous les jours. Soutiens-nous, nous t\u2019en prions, dans notre lutte pour la justice, l\u2019amour et la paix.<\/p>\n<p>Extrait de l&rsquo;encyclique du pape Fran\u00e7ois \u00ab\u00a0Laudato Si&rsquo; \u00a0\u00bb , Vatican, 24 mai 2015<br \/>\ncroire.com<\/p>\n<p>&nbsp;<\/p>\n<p>&nbsp;<\/p>\n","protected":false},"excerpt":{"rendered":"<p>Dieu Tout-Puissant qui es pr\u00e9sent dans tout l\u2019univers et dans la plus petite de tes cr\u00e9atures, Toi qui entoures de ta tendresse tout ce qui existe, r\u00e9pands sur nous la force de ton amour pour que nous prot\u00e9gions la vie et la beaut\u00e9. Inonde-nous de paix, pour que nous vivions comme fr\u00e8res et soeurs sans [&hellip;]<\/p>\n","protected":false},"author":2,"featured_media":0,"comment_status":"closed","ping_status":"closed","sticky":false,"template":"","format":"standard","meta":{"footnotes":""},"categories":[2,16,26],"tags":[269,296,761,830],"class_list":["post-13159","post","type-post","status-publish","format-standard","hentry","category-actualites","category-jardins-de-la-bible","category-priere-des-ames","tag-creation","tag-dieu-de-lunivers","tag-pape-francois","tag-priere"],"_links":{"self":[{"href":"https:\/\/www.associationdemarie.org\/blog\/wp-json\/wp\/v2\/posts\/13159","targetHints":{"allow":["GET"]}}],"collection":[{"href":"https:\/\/www.associationdemarie.org\/blog\/wp-json\/wp\/v2\/posts"}],"about":[{"href":"https:\/\/www.associationdemarie.org\/blog\/wp-json\/wp\/v2\/types\/post"}],"author":[{"embeddable":true,"href":"https:\/\/www.associationdemarie.org\/blog\/wp-json\/wp\/v2\/users\/2"}],"replies":[{"embeddable":true,"href":"https:\/\/www.associationdemarie.org\/blog\/wp-json\/wp\/v2\/comments?post=13159"}],"version-history":[{"count":2,"href":"https:\/\/www.associationdemarie.org\/blog\/wp-json\/wp\/v2\/posts\/13159\/revisions"}],"predecessor-version":[{"id":13162,"href":"https:\/\/www.associationdemarie.org\/blog\/wp-json\/wp\/v2\/posts\/13159\/revisions\/13162"}],"wp:attachment":[{"href":"https:\/\/www.associationdemarie.org\/blog\/wp-json\/wp\/v2\/media?parent=13159"}],"wp:term":[{"taxonomy":"category","embeddable":true,"href":"https:\/\/www.associationdemarie.org\/blog\/wp-json\/wp\/v2\/categories?post=13159"},{"taxonomy":"post_tag","embeddable":true,"href":"https:\/\/www.associationdemarie.org\/blog\/wp-json\/wp\/v2\/tags?post=13159"}],"curies":[{"name":"wp","href":"https:\/\/api.w.org\/{rel}","templated":true}]}}