{"id":13151,"date":"2022-06-09T01:04:26","date_gmt":"2022-06-09T00:04:26","guid":{"rendered":"http:\/\/www.associationdemarie.org\/blog\/?p=13151"},"modified":"2022-05-19T06:24:58","modified_gmt":"2022-05-19T05:24:58","slug":"va-dabord-te-reconcilier-avec-ton-frere-4","status":"publish","type":"post","link":"https:\/\/www.associationdemarie.org\/blog\/va-dabord-te-reconcilier-avec-ton-frere-4\/","title":{"rendered":"\u00ab Va d&rsquo;abord te r\u00e9concilier avec ton fr\u00e8re ! \u00bb"},"content":{"rendered":"<p><a href=\"https:\/\/www.associationdemarie.org\/blog\/wp-content\/uploads\/2016\/05\/pri\u00e8re-pour-aimer-mes-fr\u00e8res.jpg\"><img loading=\"lazy\" decoding=\"async\" class=\"aligncenter wp-image-13152\" src=\"https:\/\/www.associationdemarie.org\/blog\/wp-content\/uploads\/2016\/05\/pri\u00e8re-pour-aimer-mes-fr\u00e8res.jpg\" alt=\"pri\u00e8re-pour-aimer-mes-fr\u00e8res\" width=\"360\" height=\"493\" srcset=\"https:\/\/www.associationdemarie.org\/blog\/wp-content\/uploads\/2016\/05\/pri\u00e8re-pour-aimer-mes-fr\u00e8res.jpg 250w, https:\/\/www.associationdemarie.org\/blog\/wp-content\/uploads\/2016\/05\/pri\u00e8re-pour-aimer-mes-fr\u00e8res-219x300.jpg 219w\" sizes=\"auto, (max-width: 360px) 100vw, 360px\" \/><\/a><\/p>\n<p>Personne ne pourra obtenir quoi que ce soit par la pri\u00e8re s&rsquo;il ne prie pas avec de bonnes dispositions et une foi droite&#8230; Il ne s&rsquo;agit pas de parler beaucoup&#8230; ; il s&rsquo;agit de ne pas venir \u00e0 la pri\u00e8re avec une \u00e2me troubl\u00e9e par des ressentiments. On n&rsquo;imagine pas que quelqu&rsquo;un vienne \u00e0 l&rsquo;oraison sans pr\u00e9parer son c\u0153ur ; on n&rsquo;imagine pas non plus que celui qui prie puisse obtenir le pardon de ses p\u00e9ch\u00e9s s&rsquo;il n&rsquo;a pas d&rsquo;abord pardonn\u00e9 de tout son c\u0153ur \u00e0 son fr\u00e8re qui lui demande pardon&#8230;<\/p>\n<p>En premier lieu donc, celui qui se dispose \u00e0 prier aura grand avantage \u00e0 adopter une attitude qui l&rsquo;aide \u00e0 se mettre en pr\u00e9sence de Dieu et qui l&rsquo;aide \u00e0 lui parler comme \u00e0 quelqu&rsquo;un qui le voit et lui est pr\u00e9sent. Certaines images ou certains souvenirs d&rsquo;\u00e9v\u00e9nements pass\u00e9s encombrent l&rsquo;esprit qui se laisse envahir par eux ; ainsi il est utile de se souvenir que Dieu est l\u00e0 et qu&rsquo;il conna\u00eet les mouvements les plus secrets de notre \u00e2me. Elle se dispose alors \u00e0 plaire \u00e0 celui qui est pr\u00e9sent, qui la voit et pr\u00e9vient toutes ses pens\u00e9es, \u00e0 celui qui scrute les c\u0153urs et sonde les reins (Ps 7,10)&#8230;<\/p>\n<p>Comme le disent les Saintes \u00c9critures, il faut que celui qui prie \u00e9l\u00e8ve des mains pures, qu&rsquo;il pardonne \u00e0 chacun de ceux qui l&rsquo;ont offens\u00e9, rejette tout ce qui trouble son \u00e2me et ne s&rsquo;irrite contre personne&#8230; Qui peut douter que cet \u00e9tat d&rsquo;\u00e2me soit le plus favorable ? Paul l&rsquo;enseigne lorsqu&rsquo;il dit dans sa premi\u00e8re lettre \u00e0 Timoth\u00e9e : \u00ab Je veux que les hommes prient en tout lieu, \u00e9levant des mains pures, sans ressentiment ni contestation \u00bb (2,8).<\/p>\n<p><strong>Orig\u00e8ne (v. 185-253), pr\u00eatre et th\u00e9ologien<\/strong><br \/>\nPetit trait\u00e9 sur la pri\u00e8re, 8-9 ; PG 11, 442-443 (trad. Orval)<\/p>\n<p>&nbsp;<\/p>\n<p>&nbsp;<\/p>\n<p>&nbsp;<\/p>\n","protected":false},"excerpt":{"rendered":"<p>Personne ne pourra obtenir quoi que ce soit par la pri\u00e8re s&rsquo;il ne prie pas avec de bonnes dispositions et une foi droite&#8230; Il ne s&rsquo;agit pas de parler beaucoup&#8230; ; il s&rsquo;agit de ne pas venir \u00e0 la pri\u00e8re avec une \u00e2me troubl\u00e9e par des ressentiments. On n&rsquo;imagine pas que quelqu&rsquo;un vienne \u00e0 l&rsquo;oraison [&hellip;]<\/p>\n","protected":false},"author":2,"featured_media":0,"comment_status":"closed","ping_status":"closed","sticky":false,"template":"","format":"standard","meta":{"footnotes":""},"categories":[3,13,1261],"tags":[437,742,767,830],"class_list":["post-13151","post","type-post","status-publish","format-standard","hentry","category-liturgique","category-ecritures","category-enseignement-2","tag-freres","tag-origene","tag-pardon","tag-priere"],"_links":{"self":[{"href":"https:\/\/www.associationdemarie.org\/blog\/wp-json\/wp\/v2\/posts\/13151","targetHints":{"allow":["GET"]}}],"collection":[{"href":"https:\/\/www.associationdemarie.org\/blog\/wp-json\/wp\/v2\/posts"}],"about":[{"href":"https:\/\/www.associationdemarie.org\/blog\/wp-json\/wp\/v2\/types\/post"}],"author":[{"embeddable":true,"href":"https:\/\/www.associationdemarie.org\/blog\/wp-json\/wp\/v2\/users\/2"}],"replies":[{"embeddable":true,"href":"https:\/\/www.associationdemarie.org\/blog\/wp-json\/wp\/v2\/comments?post=13151"}],"version-history":[{"count":3,"href":"https:\/\/www.associationdemarie.org\/blog\/wp-json\/wp\/v2\/posts\/13151\/revisions"}],"predecessor-version":[{"id":21728,"href":"https:\/\/www.associationdemarie.org\/blog\/wp-json\/wp\/v2\/posts\/13151\/revisions\/21728"}],"wp:attachment":[{"href":"https:\/\/www.associationdemarie.org\/blog\/wp-json\/wp\/v2\/media?parent=13151"}],"wp:term":[{"taxonomy":"category","embeddable":true,"href":"https:\/\/www.associationdemarie.org\/blog\/wp-json\/wp\/v2\/categories?post=13151"},{"taxonomy":"post_tag","embeddable":true,"href":"https:\/\/www.associationdemarie.org\/blog\/wp-json\/wp\/v2\/tags?post=13151"}],"curies":[{"name":"wp","href":"https:\/\/api.w.org\/{rel}","templated":true}]}}