{"id":13142,"date":"2016-06-07T01:20:40","date_gmt":"2016-06-07T00:20:40","guid":{"rendered":"http:\/\/www.associationdemarie.org\/blog\/?p=13142"},"modified":"2016-05-22T10:22:18","modified_gmt":"2016-05-22T09:22:18","slug":"que-votre-lumiere-brille-devant-les-hommes","status":"publish","type":"post","link":"https:\/\/www.associationdemarie.org\/blog\/que-votre-lumiere-brille-devant-les-hommes\/","title":{"rendered":"\u00ab Que votre lumi\u00e8re brille devant les hommes. \u00bb"},"content":{"rendered":"<p><a href=\"https:\/\/www.associationdemarie.org\/blog\/wp-content\/uploads\/2016\/02\/xjyvwggx.jpg\"><img loading=\"lazy\" decoding=\"async\" class=\"aligncenter  wp-image-12595\" src=\"https:\/\/www.associationdemarie.org\/blog\/wp-content\/uploads\/2016\/02\/xjyvwggx.jpg\" alt=\"xjyvwggx\" width=\"488\" height=\"366\" srcset=\"https:\/\/www.associationdemarie.org\/blog\/wp-content\/uploads\/2016\/02\/xjyvwggx.jpg 1024w, https:\/\/www.associationdemarie.org\/blog\/wp-content\/uploads\/2016\/02\/xjyvwggx-300x225.jpg 300w\" sizes=\"auto, (max-width: 488px) 100vw, 488px\" \/><\/a><\/p>\n<p>Le Seigneur avait appel\u00e9 ses disciples \u00ab sel de la terre \u00bb parce qu&rsquo;ils ont relev\u00e9 par la saveur de la sagesse c\u00e9leste les c\u0153urs des hommes affadis par le d\u00e9mon. Et maintenant il les appelle \u00ab lumi\u00e8re du monde \u00bb parce que, \u00e9clair\u00e9s par lui, qui est la lumi\u00e8re \u00e9ternelle et v\u00e9ritable, ils sont devenus \u00e0 leur tour une lumi\u00e8re dans les t\u00e9n\u00e8bres (Jn 1,5). Parce qu&rsquo;il est lui-m\u00eame le \u00ab Soleil de justice \u00bb (Ml 3,20), il peut aussi appeler ses disciples \u00ab lumi\u00e8re du monde \u00bb ; c&rsquo;est par eux, comme par des rayons \u00e9tincelants, qu&rsquo;il d\u00e9verse la lumi\u00e8re de sa connaissance sur la terre enti\u00e8re. En effet, ils ont chass\u00e9 les t\u00e9n\u00e8bres de l&rsquo;erreur loin du c\u0153ur des hommes, en montrant la lumi\u00e8re de la v\u00e9rit\u00e9.<\/p>\n<p>\u00c9clair\u00e9s par eux, nous aussi, de t\u00e9n\u00e8bres que nous \u00e9tions, nous sommes devenus lumi\u00e8re, comme dit saint Paul : \u00ab Autrefois, vous n&rsquo;\u00e9tiez que t\u00e9n\u00e8bres ; maintenant, dans le Seigneur, vous \u00eates devenus lumi\u00e8re. Vivez comme des fils de la lumi\u00e8re \u00bb (Ep 5,8). Et encore : \u00ab Vous n&rsquo;appartenez pas \u00e0 la nuit, ni aux t\u00e9n\u00e8bres ; vous \u00eates des fils de la lumi\u00e8re, des fils du jour \u00bb (1Th 5,5). Saint Jean a eu raison d&rsquo;affirmer dans sa lettre : \u00ab Dieu est lumi\u00e8re \u00bb ; celui qui demeure en Dieu est dans la lumi\u00e8re, comme il est lui-m\u00eame dans la lumi\u00e8re (1Jn 1,5-7). Puisque nous avons la joie d&rsquo;\u00eatre lib\u00e9r\u00e9s des t\u00e9n\u00e8bres de l&rsquo;erreur nous devons vivre dans la lumi\u00e8re, marcher dans la lumi\u00e8re comme des vrais enfants de la lumi\u00e8re.<\/p>\n<p>Saint Chromace d&rsquo;Aquil\u00e9e (?-407), \u00e9v\u00eaque<br \/>\nHom\u00e9lies sur l&rsquo;\u00e9vangile de Matthieu, n\u00b05 (trad. br\u00e9viaire 11\/06)<\/p>\n<p>&nbsp;<\/p>\n<p>&nbsp;<\/p>\n<p>&nbsp;<\/p>\n","protected":false},"excerpt":{"rendered":"<p>Le Seigneur avait appel\u00e9 ses disciples \u00ab sel de la terre \u00bb parce qu&rsquo;ils ont relev\u00e9 par la saveur de la sagesse c\u00e9leste les c\u0153urs des hommes affadis par le d\u00e9mon. Et maintenant il les appelle \u00ab lumi\u00e8re du monde \u00bb parce que, \u00e9clair\u00e9s par lui, qui est la lumi\u00e8re \u00e9ternelle et v\u00e9ritable, ils sont [&hellip;]<\/p>\n","protected":false},"author":2,"featured_media":0,"comment_status":"closed","ping_status":"closed","sticky":false,"template":"","format":"standard","meta":{"footnotes":""},"categories":[3,13,1261,16,28],"tags":[1382,600,1345],"class_list":["post-13142","post","type-post","status-publish","format-standard","hentry","category-liturgique","category-ecritures","category-enseignement-2","category-jardins-de-la-bible","category-saints-et-saintes","tag-ecritures","tag-lumiere","tag-st-chromace-daquilee"],"_links":{"self":[{"href":"https:\/\/www.associationdemarie.org\/blog\/wp-json\/wp\/v2\/posts\/13142","targetHints":{"allow":["GET"]}}],"collection":[{"href":"https:\/\/www.associationdemarie.org\/blog\/wp-json\/wp\/v2\/posts"}],"about":[{"href":"https:\/\/www.associationdemarie.org\/blog\/wp-json\/wp\/v2\/types\/post"}],"author":[{"embeddable":true,"href":"https:\/\/www.associationdemarie.org\/blog\/wp-json\/wp\/v2\/users\/2"}],"replies":[{"embeddable":true,"href":"https:\/\/www.associationdemarie.org\/blog\/wp-json\/wp\/v2\/comments?post=13142"}],"version-history":[{"count":1,"href":"https:\/\/www.associationdemarie.org\/blog\/wp-json\/wp\/v2\/posts\/13142\/revisions"}],"predecessor-version":[{"id":13143,"href":"https:\/\/www.associationdemarie.org\/blog\/wp-json\/wp\/v2\/posts\/13142\/revisions\/13143"}],"wp:attachment":[{"href":"https:\/\/www.associationdemarie.org\/blog\/wp-json\/wp\/v2\/media?parent=13142"}],"wp:term":[{"taxonomy":"category","embeddable":true,"href":"https:\/\/www.associationdemarie.org\/blog\/wp-json\/wp\/v2\/categories?post=13142"},{"taxonomy":"post_tag","embeddable":true,"href":"https:\/\/www.associationdemarie.org\/blog\/wp-json\/wp\/v2\/tags?post=13142"}],"curies":[{"name":"wp","href":"https:\/\/api.w.org\/{rel}","templated":true}]}}