{"id":13114,"date":"2016-06-01T01:52:56","date_gmt":"2016-06-01T00:52:56","guid":{"rendered":"http:\/\/www.associationdemarie.org\/blog\/?p=13114"},"modified":"2016-05-17T19:55:38","modified_gmt":"2016-05-17T18:55:38","slug":"intentions-de-priere-du-pape-francois-juin-2016","status":"publish","type":"post","link":"https:\/\/www.associationdemarie.org\/blog\/intentions-de-priere-du-pape-francois-juin-2016\/","title":{"rendered":"Intentions de pri\u00e8re du pape Fran\u00e7ois &#8211; juin 2016"},"content":{"rendered":"<p><a href=\"https:\/\/www.associationdemarie.org\/blog\/wp-content\/uploads\/2016\/05\/Bien-etre-les-personnes-seules-vivent-moins-longtemps.jpg\"><img loading=\"lazy\" decoding=\"async\" class=\"aligncenter  wp-image-13115\" src=\"https:\/\/www.associationdemarie.org\/blog\/wp-content\/uploads\/2016\/05\/Bien-etre-les-personnes-seules-vivent-moins-longtemps.jpg\" alt=\"Bien-etre-les-personnes-seules-vivent-moins-longtemps\" width=\"432\" height=\"287\" srcset=\"https:\/\/www.associationdemarie.org\/blog\/wp-content\/uploads\/2016\/05\/Bien-etre-les-personnes-seules-vivent-moins-longtemps.jpg 903w, https:\/\/www.associationdemarie.org\/blog\/wp-content\/uploads\/2016\/05\/Bien-etre-les-personnes-seules-vivent-moins-longtemps-300x199.jpg 300w\" sizes=\"auto, (max-width: 432px) 100vw, 432px\" \/><\/a><\/p>\n<p><strong>Universelle : Solidarit\u00e9 dans les villes<\/strong><br \/>\nPour que les personnes \u00e2g\u00e9es, les marginaux et les personnes seules trouvent, m\u00eame dans les<br \/>\ngrandes villes, des occasions de rencontre et de solidarit\u00e9.<\/p>\n<p><span style=\"color: #ffffff;\">.<\/span><br \/>\n<strong>Pour l&rsquo;\u00e9vang\u00e9lisation : S\u00e9minaristes et novices<\/strong><br \/>\nPour que les s\u00e9minaristes, et les novices religieux et religieuses, rencontrent des formateurs qui<br \/>\nvivent la joie de l&rsquo;Evangile et les pr\u00e9parent avec sagesse \u00e0 leur mission.<\/p>\n<p>&nbsp;<\/p>\n<p>&nbsp;<\/p>\n<p>&nbsp;<\/p>\n","protected":false},"excerpt":{"rendered":"<p>Universelle : Solidarit\u00e9 dans les villes Pour que les personnes \u00e2g\u00e9es, les marginaux et les personnes seules trouvent, m\u00eame dans les grandes villes, des occasions de rencontre et de solidarit\u00e9. . Pour l&rsquo;\u00e9vang\u00e9lisation : S\u00e9minaristes et novices Pour que les s\u00e9minaristes, et les novices religieux et religieuses, rencontrent des formateurs qui vivent la joie de [&hellip;]<\/p>\n","protected":false},"author":2,"featured_media":0,"comment_status":"closed","ping_status":"closed","sticky":false,"template":"","format":"standard","meta":{"footnotes":""},"categories":[2,14],"tags":[387,504,761,993],"class_list":["post-13114","post","type-post","status-publish","format-standard","hentry","category-actualites","category-groupe-prieres","tag-evangelisation","tag-intentions-de-priere","tag-pape-francois","tag-solidarite"],"_links":{"self":[{"href":"https:\/\/www.associationdemarie.org\/blog\/wp-json\/wp\/v2\/posts\/13114","targetHints":{"allow":["GET"]}}],"collection":[{"href":"https:\/\/www.associationdemarie.org\/blog\/wp-json\/wp\/v2\/posts"}],"about":[{"href":"https:\/\/www.associationdemarie.org\/blog\/wp-json\/wp\/v2\/types\/post"}],"author":[{"embeddable":true,"href":"https:\/\/www.associationdemarie.org\/blog\/wp-json\/wp\/v2\/users\/2"}],"replies":[{"embeddable":true,"href":"https:\/\/www.associationdemarie.org\/blog\/wp-json\/wp\/v2\/comments?post=13114"}],"version-history":[{"count":2,"href":"https:\/\/www.associationdemarie.org\/blog\/wp-json\/wp\/v2\/posts\/13114\/revisions"}],"predecessor-version":[{"id":13117,"href":"https:\/\/www.associationdemarie.org\/blog\/wp-json\/wp\/v2\/posts\/13114\/revisions\/13117"}],"wp:attachment":[{"href":"https:\/\/www.associationdemarie.org\/blog\/wp-json\/wp\/v2\/media?parent=13114"}],"wp:term":[{"taxonomy":"category","embeddable":true,"href":"https:\/\/www.associationdemarie.org\/blog\/wp-json\/wp\/v2\/categories?post=13114"},{"taxonomy":"post_tag","embeddable":true,"href":"https:\/\/www.associationdemarie.org\/blog\/wp-json\/wp\/v2\/tags?post=13114"}],"curies":[{"name":"wp","href":"https:\/\/api.w.org\/{rel}","templated":true}]}}