{"id":13088,"date":"2016-05-25T01:38:26","date_gmt":"2016-05-25T00:38:26","guid":{"rendered":"http:\/\/www.associationdemarie.org\/blog\/?p=13088"},"modified":"2016-05-09T19:41:23","modified_gmt":"2016-05-09T18:41:23","slug":"le-fils-de-lhomme-est-venu-pour-donner-sa-vie","status":"publish","type":"post","link":"https:\/\/www.associationdemarie.org\/blog\/le-fils-de-lhomme-est-venu-pour-donner-sa-vie\/","title":{"rendered":"\u00ab Le Fils de l&rsquo;homme est venu&#8230; pour donner sa vie. \u00bb"},"content":{"rendered":"<p><a href=\"https:\/\/www.associationdemarie.org\/blog\/wp-content\/uploads\/2016\/05\/prieres.jpg\"><img loading=\"lazy\" decoding=\"async\" class=\"aligncenter  wp-image-13089\" src=\"https:\/\/www.associationdemarie.org\/blog\/wp-content\/uploads\/2016\/05\/prieres.jpg\" alt=\"prieres\" width=\"442\" height=\"295\" srcset=\"https:\/\/www.associationdemarie.org\/blog\/wp-content\/uploads\/2016\/05\/prieres.jpg 586w, https:\/\/www.associationdemarie.org\/blog\/wp-content\/uploads\/2016\/05\/prieres-300x200.jpg 300w\" sizes=\"auto, (max-width: 442px) 100vw, 442px\" \/><\/a><\/p>\n<p>\u00ab Si c&rsquo;est possible, que cette coupe s&rsquo;\u00e9loigne de moi \u00bb (Mt 26,39). Pourquoi as-tu repris Simon-Pierre qui disait : \u00ab Que cela ne t&rsquo;arrive pas, Seigneur ! \u00bb (Mt 16,22), toi qui dis maintenant : \u00ab Si c&rsquo;est possible, que cette coupe s&rsquo;\u00e9loigne de moi \u00bb ? Il savait bien ce qu&rsquo;il disait \u00e0 son P\u00e8re, et qu&rsquo;il \u00e9tait possible que cette coupe s&rsquo;\u00e9loigne, mais il \u00e9tait venu la boire pour tous, afin d&rsquo;acquitter par cette coupe la dette que la mort des proph\u00e8tes et des martyrs ne pouvait pas payer&#8230; Celui qui avait d\u00e9crit sa mise \u00e0 mort dans les proph\u00e8tes et qui avait pr\u00e9figur\u00e9 le myst\u00e8re de sa mort par les justes, lorsque le temps est venu de consommer cette mort, il n&rsquo;a pas refus\u00e9 de la boire. S&rsquo;il n&rsquo;avait pas voulu la boire, mais la repousser, il n&rsquo;aurait pas compar\u00e9 son corps au Temple dans cette parole : \u00ab D\u00e9truisez ce Temple et, le troisi\u00e8me jour, je le rel\u00e8verai \u00bb (Jn 2,19) ; il n&rsquo;aurait pas dit aux fils de Z\u00e9b\u00e9d\u00e9e : \u00ab Pouvez-vous boire \u00e0 la coupe que je boirai ? \u00bb et encore : \u00ab Il y a pour moi un bapt\u00eame dont je dois \u00eatre baptis\u00e9 \u00bb (Lc 12,50)&#8230;<\/p>\n<p>\u00ab Si c&rsquo;est possible, que cette coupe s&rsquo;\u00e9loigne de moi. \u00bb Il dit cela \u00e0 cause de la faiblesse qu&rsquo;il avait rev\u00eatue non en faisant semblant mais r\u00e9ellement. Puisqu&rsquo;il s&rsquo;\u00e9tait fait petit et avait r\u00e9ellement rev\u00eatu notre faiblesse, il devait craindre et \u00eatre \u00e9branl\u00e9 dans sa faiblesse. Ayant pris chair, ayant rev\u00eatu la faiblesse, mangeant quand il avait faim, fatigu\u00e9 par le travail, vaincu par le sommeil, il fallait que soit accompli tout ce qui rel\u00e8ve de la chair lorsque le temps de sa mort est venu&#8230;<\/p>\n<p>Pour apporter par sa Passion le r\u00e9confort \u00e0 ses disciples, J\u00e9sus ressenti ce qu&rsquo;ils ressentent. Il a pris en lui leur peur afin de leur montrer, par la ressemblance de son \u00e2me, qu&rsquo;il ne faut pas se vanter au sujet de la mort avant de l&rsquo;avoir subie. Si, en effet, celui qui ne craint rien a eu peur et a demand\u00e9 d&rsquo;\u00eatre d\u00e9livr\u00e9 alors qu&rsquo;il savait que c&rsquo;\u00e9tait impossible, combien plus faut-il que les autres pers\u00e9v\u00e8rent dans la pri\u00e8re avant la tentation afin d&rsquo;en \u00eatre d\u00e9livr\u00e9s lorsqu&rsquo;elle se pr\u00e9sentera&#8230; Pour donner courage \u00e0 ceux qui craignent la mort, il n&rsquo;a pas cach\u00e9 sa propre crainte, afin qu&rsquo;ils sachent que cette peur ne les m\u00e8ne pas au p\u00e9ch\u00e9, du moment qu&rsquo;ils ne demeurent pas en elle. \u00ab Non, P\u00e8re, dit J\u00e9sus, mais que ta volont\u00e9 soit faite \u00bb : que je meure pour donner la vie \u00e0 une multitude.<\/p>\n<p>Saint Ephrem (v. 306-373), diacre en Syrie, docteur de l&rsquo;\u00c9glise<br \/>\nCommentaire de l&rsquo;\u00c9vangile concordant, 20, 2-7 ; SC 121 (trad. SC, p. 344s)<\/p>\n<p>&nbsp;<\/p>\n<p>&nbsp;<\/p>\n<p>&nbsp;<\/p>\n","protected":false},"excerpt":{"rendered":"<p>\u00ab Si c&rsquo;est possible, que cette coupe s&rsquo;\u00e9loigne de moi \u00bb (Mt 26,39). Pourquoi as-tu repris Simon-Pierre qui disait : \u00ab Que cela ne t&rsquo;arrive pas, Seigneur ! \u00bb (Mt 16,22), toi qui dis maintenant : \u00ab Si c&rsquo;est possible, que cette coupe s&rsquo;\u00e9loigne de moi \u00bb ? Il savait bien ce qu&rsquo;il disait \u00e0 [&hellip;]<\/p>\n","protected":false},"author":2,"featured_media":0,"comment_status":"closed","ping_status":"closed","sticky":false,"template":"","format":"standard","meta":{"footnotes":""},"categories":[3,13,1261,28],"tags":[220,1423,777,1028],"class_list":["post-13088","post","type-post","status-publish","format-standard","hentry","category-liturgique","category-ecritures","category-enseignement-2","category-saints-et-saintes","tag-christ","tag-coupe","tag-passion","tag-st-ephrem"],"_links":{"self":[{"href":"https:\/\/www.associationdemarie.org\/blog\/wp-json\/wp\/v2\/posts\/13088","targetHints":{"allow":["GET"]}}],"collection":[{"href":"https:\/\/www.associationdemarie.org\/blog\/wp-json\/wp\/v2\/posts"}],"about":[{"href":"https:\/\/www.associationdemarie.org\/blog\/wp-json\/wp\/v2\/types\/post"}],"author":[{"embeddable":true,"href":"https:\/\/www.associationdemarie.org\/blog\/wp-json\/wp\/v2\/users\/2"}],"replies":[{"embeddable":true,"href":"https:\/\/www.associationdemarie.org\/blog\/wp-json\/wp\/v2\/comments?post=13088"}],"version-history":[{"count":1,"href":"https:\/\/www.associationdemarie.org\/blog\/wp-json\/wp\/v2\/posts\/13088\/revisions"}],"predecessor-version":[{"id":13090,"href":"https:\/\/www.associationdemarie.org\/blog\/wp-json\/wp\/v2\/posts\/13088\/revisions\/13090"}],"wp:attachment":[{"href":"https:\/\/www.associationdemarie.org\/blog\/wp-json\/wp\/v2\/media?parent=13088"}],"wp:term":[{"taxonomy":"category","embeddable":true,"href":"https:\/\/www.associationdemarie.org\/blog\/wp-json\/wp\/v2\/categories?post=13088"},{"taxonomy":"post_tag","embeddable":true,"href":"https:\/\/www.associationdemarie.org\/blog\/wp-json\/wp\/v2\/tags?post=13088"}],"curies":[{"name":"wp","href":"https:\/\/api.w.org\/{rel}","templated":true}]}}