{"id":13071,"date":"2016-05-22T01:21:03","date_gmt":"2016-05-22T00:21:03","guid":{"rendered":"http:\/\/www.associationdemarie.org\/blog\/?p=13071"},"modified":"2016-05-01T09:23:13","modified_gmt":"2016-05-01T08:23:13","slug":"tres-sainte-trinite-solennite","status":"publish","type":"post","link":"https:\/\/www.associationdemarie.org\/blog\/tres-sainte-trinite-solennite\/","title":{"rendered":"Tr\u00e8s Sainte Trinit\u00e9 &#8211; Solennit\u00e9"},"content":{"rendered":"<p><a href=\"https:\/\/www.associationdemarie.org\/blog\/wp-content\/uploads\/2016\/05\/stetrinite4.jpg\"><img loading=\"lazy\" decoding=\"async\" class=\"aligncenter size-full wp-image-13072\" src=\"https:\/\/www.associationdemarie.org\/blog\/wp-content\/uploads\/2016\/05\/stetrinite4.jpg\" alt=\"stetrinite4\" width=\"300\" height=\"316\" srcset=\"https:\/\/www.associationdemarie.org\/blog\/wp-content\/uploads\/2016\/05\/stetrinite4.jpg 300w, https:\/\/www.associationdemarie.org\/blog\/wp-content\/uploads\/2016\/05\/stetrinite4-285x300.jpg 285w\" sizes=\"auto, (max-width: 300px) 100vw, 300px\" \/><\/a><\/p>\n<p>Chers fr\u00e8res et s\u0153urs,<\/p>\n<p>Nous c\u00e9l\u00e9brons aujourd&rsquo;hui la solennit\u00e9 de la Tr\u00e8s Sainte Trinit\u00e9. Apr\u00e8s le temps pascal, apr\u00e8s avoir rev\u00e9cu l&rsquo;\u00e9v\u00e9nement de la Pentec\u00f4te, qui renouvelle le Bapt\u00eame de l&rsquo;\u00c9glise dans l&rsquo;Esprit Saint, nous tournons pour ainsi dire le regard vers \u00ab les cieux ouverts \u00bb, pour entrer avec les yeux de la foi dans les profondeurs du myst\u00e8re de Dieu, Un dans la substance et Trine dans les personnes: le P\u00e8re, le Fils et l&rsquo;Esprit Saint. [&#8230;]<\/p>\n<p>Dans la premi\u00e8re Lecture, tir\u00e9e du Livre des Proverbes, entre en sc\u00e8ne la Sagesse, qui se trouve aux c\u00f4t\u00e9s de Dieu comme assistante, comme \u00ab ma\u00eetre d&rsquo;\u0153uvre \u00bb (8,30). La \u00ab vision panoramique \u00bb sur l&rsquo;univers observ\u00e9 \u00e0 travers ses yeux est merveilleuse. La Sagesse elle-m\u00eame confesse: \u00ab M&rsquo;\u00e9battant sur la surface de sa terre \/ et trouvant mes d\u00e9lices parmi les enfants des hommes \u00bb (8, 31). C&rsquo;est au milieu des \u00eatres humains que celle-ci aime demeurer, car elle reconna\u00eet en eux l&rsquo;image et la ressemblance du Cr\u00e9ateur. Cette relation pr\u00e9f\u00e9rentielle de la Sagesse avec les hommes fait penser \u00e0 un c\u00e9l\u00e8bre passage d&rsquo;un autre livre sapientiel, le Livre de la Sagesse: \u00ab La sagesse &#8211; peut-on lire &#8211; est en effet un effluve de la puissance de Dieu \/ &#8230; Bien qu&rsquo;\u00e9tant seule, elle peut tout, demeurant en elle-m\u00eame, elle renouvelle l&rsquo;univers \/ et, d&rsquo;\u00e2ge en \u00e2ge passant en des \u00e2mes saintes, \/ elle en fait des amis de Dieu et des proph\u00e8tes \u00bb (Sg 7, 25-27). Cette derni\u00e8re expression suggestive invite \u00e0 consid\u00e9rer la manifestation de la saintet\u00e9, multiforme et intarissable, au sein du peuple de Dieu au cours des si\u00e8cles. La Sagesse de Dieu se manifeste dans l&rsquo;univers, dans la vari\u00e9t\u00e9 et la beaut\u00e9 de ses \u00e9l\u00e9ments, mais ses chefs-d&rsquo;\u0153uvre, dans lesquels apparaissent beaucoup plus sa beaut\u00e9 et sa grandeur, ce sont les saints.<\/p>\n<p>Dans le passage de la Lettre de l&rsquo;Ap\u00f4tre Paul aux Romains, nous trouvons une image semblable: celle de l&rsquo;amour de Dieu \u00ab r\u00e9pandu dans les c\u0153urs des saints \u00bb, c&rsquo;est-\u00e0-dire des baptis\u00e9s, \u00ab par le Saint Esprit \u00bb qui leur a \u00e9t\u00e9 donn\u00e9 (cf. Rm 5, 5). C&rsquo;est \u00e0 travers le Christ que passe le don de l&rsquo;Esprit, \u00ab Personne-amour, Personne-don \u00bb, comme l&rsquo;a d\u00e9fini saint Jean-Paul II (Encyc. Dominum et vivificantem, n. 10). A travers le Christ, l&rsquo;Esprit de Dieu nous parvient comme principe de vie nouvelle, \u00ab sainte \u00bb. L&rsquo;Esprit place l&rsquo;amour de Dieu dans le c\u0153ur des croyants sous la forme concr\u00e8te qui \u00e9tait la sienne dans l&rsquo;homme J\u00e9sus de Nazareth. C&rsquo;est ainsi que se r\u00e9alise ce que saint Paul dit dans la Lettre aux Colossiens: \u00ab Christ parmi vous! L&rsquo;esp\u00e9rance de la gloire! \u00bb (1, 27). Les \u00ab tribulations \u00bb ne sont pas en opposition avec cette esp\u00e9rance, elles concourent m\u00eame \u00e0 la r\u00e9aliser, \u00e0 travers la \u00ab constance \u00bb et la \u00ab vertu \u00e9prouv\u00e9e \u00bb (Rm 5, 3-4): c&rsquo;est le chemin de J\u00e9sus, le chemin de la Croix.<\/p>\n<p>Dans la m\u00eame perspective, de la sagesse de Dieu incarn\u00e9e dans le Christ et communiqu\u00e9e par l&rsquo;Esprit Saint, l&rsquo;\u00c9vangile nous a sugg\u00e9r\u00e9 que Dieu le P\u00e8re continue \u00e0 manifester son dessein d&rsquo;amour \u00e0 travers les saints. Ici aussi, se produit ce que nous avons d\u00e9j\u00e0 soulign\u00e9 \u00e0 propos de la Sagesse: l&rsquo;Esprit de v\u00e9rit\u00e9 r\u00e9v\u00e8le le dessein de Dieu dans la multiplicit\u00e9 des \u00e9l\u00e9ments de l&rsquo;univers &#8211; nous sommes reconnaissants pour cette manifestation visuelle de la beaut\u00e9 et de la bont\u00e9 de Dieu dans les \u00e9l\u00e9ments de l&rsquo;univers -, et il le fait en particulier \u00e0 travers les hommes et les femmes, de mani\u00e8re particuli\u00e8re \u00e0 travers les saints et les saintes, o\u00f9 transparaissent avec une grande force sa lumi\u00e8re, sa v\u00e9rit\u00e9, son amour. En effet, \u00ab l&rsquo;Image du Dieu invisible \u00bb (Col 1, 15) est J\u00e9sus Christ et lui seul, \u00ab le Saint et le Juste \u00bb (Ac 3, 14). Il est la Sagesse incarn\u00e9e, le Logos cr\u00e9ateur qui trouve sa joie en demeurant parmi les fils de l&rsquo;homme, chez qui il a plant\u00e9 sa tente (cf. Jn 1, 14). En Lui, il a plu \u00e0 Dieu de faire habiter \u00ab toute la Pl\u00e9nitude \u00bb (cf. Col 1, 19); ou, comme Il le dit lui-m\u00eame dans le passage \u00e9vang\u00e9lique d&rsquo;aujourd&rsquo;hui: \u00ab Tout ce qui est au P\u00e8re est \u00e0 moi \u00bb (Jn 16, 15). Chaque saint participe de la richesse du Christ, reprise par le P\u00e8re et communiqu\u00e9e au moment opportun. C&rsquo;est toujours la m\u00eame saintet\u00e9 que celle de J\u00e9sus, c&rsquo;est toujours Lui, le \u00ab Saint \u00bb, que l&rsquo;Esprit fa\u00e7onne dans les \u00ab \u00e2mes saintes \u00bb, en formant des amis de J\u00e9sus et des t\u00e9moins de sa saintet\u00e9. Et J\u00e9sus veut \u00e9galement faire de nous ses amis. Pr\u00e9cis\u00e9ment en ce jour, ouvrons notre c\u0153ur afin que, dans notre vie \u00e9galement, croisse l&rsquo;amiti\u00e9 pour J\u00e9sus, afin que nous puissions t\u00e9moigner de sa saintet\u00e9, de sa bont\u00e9 et de sa v\u00e9rit\u00e9. [&#8230;]<\/p>\n<p>Chers fr\u00e8res et s\u0153urs, nous rendons gr\u00e2ce \u00e0 Dieu pour les merveilles qu&rsquo;il a accomplies chez les saints, dans lesquels resplendit sa gloire. Laissons-nous attirer par leurs exemples, laissons-nous guider par leurs enseignements, pour que toute notre existence devienne, comme la leur, un cantique de louange \u00e0 la gloire de la Tr\u00e8s Sainte Trinit\u00e9. Que Marie, la Reine des saints, nous obtienne cette gr\u00e2ce. Amen.<\/p>\n<p>Place Saint-Pierre (Dimanche 3 juin 2007)<\/p>\n<p>Extraits de l\u2019hom\u00e9lie du Pape Beno\u00eet XVI<\/p>\n<p>&nbsp;<\/p>\n<p>&nbsp;<\/p>\n<p>&nbsp;<\/p>\n","protected":false},"excerpt":{"rendered":"<p>Chers fr\u00e8res et s\u0153urs, Nous c\u00e9l\u00e9brons aujourd&rsquo;hui la solennit\u00e9 de la Tr\u00e8s Sainte Trinit\u00e9. Apr\u00e8s le temps pascal, apr\u00e8s avoir rev\u00e9cu l&rsquo;\u00e9v\u00e9nement de la Pentec\u00f4te, qui renouvelle le Bapt\u00eame de l&rsquo;\u00c9glise dans l&rsquo;Esprit Saint, nous tournons pour ainsi dire le regard vers \u00ab les cieux ouverts \u00bb, pour entrer avec les yeux de la foi [&hellip;]<\/p>\n","protected":false},"author":2,"featured_media":0,"comment_status":"closed","ping_status":"closed","sticky":false,"template":"","format":"standard","meta":{"footnotes":""},"categories":[3,13,1261],"tags":[142,939],"class_list":["post-13071","post","type-post","status-publish","format-standard","hentry","category-liturgique","category-ecritures","category-enseignement-2","tag-benoit-16","tag-sainte-trinite"],"_links":{"self":[{"href":"https:\/\/www.associationdemarie.org\/blog\/wp-json\/wp\/v2\/posts\/13071","targetHints":{"allow":["GET"]}}],"collection":[{"href":"https:\/\/www.associationdemarie.org\/blog\/wp-json\/wp\/v2\/posts"}],"about":[{"href":"https:\/\/www.associationdemarie.org\/blog\/wp-json\/wp\/v2\/types\/post"}],"author":[{"embeddable":true,"href":"https:\/\/www.associationdemarie.org\/blog\/wp-json\/wp\/v2\/users\/2"}],"replies":[{"embeddable":true,"href":"https:\/\/www.associationdemarie.org\/blog\/wp-json\/wp\/v2\/comments?post=13071"}],"version-history":[{"count":1,"href":"https:\/\/www.associationdemarie.org\/blog\/wp-json\/wp\/v2\/posts\/13071\/revisions"}],"predecessor-version":[{"id":13073,"href":"https:\/\/www.associationdemarie.org\/blog\/wp-json\/wp\/v2\/posts\/13071\/revisions\/13073"}],"wp:attachment":[{"href":"https:\/\/www.associationdemarie.org\/blog\/wp-json\/wp\/v2\/media?parent=13071"}],"wp:term":[{"taxonomy":"category","embeddable":true,"href":"https:\/\/www.associationdemarie.org\/blog\/wp-json\/wp\/v2\/categories?post=13071"},{"taxonomy":"post_tag","embeddable":true,"href":"https:\/\/www.associationdemarie.org\/blog\/wp-json\/wp\/v2\/tags?post=13071"}],"curies":[{"name":"wp","href":"https:\/\/api.w.org\/{rel}","templated":true}]}}