{"id":1303,"date":"2010-08-02T05:25:30","date_gmt":"2010-08-02T05:25:30","guid":{"rendered":"http:\/\/preprod.meltem-int.com\/marie\/blog\/?p=1303"},"modified":"2010-08-02T05:25:30","modified_gmt":"2010-08-02T05:25:30","slug":"assomption-2010","status":"publish","type":"post","link":"https:\/\/www.associationdemarie.org\/blog\/assomption-2010\/","title":{"rendered":"Assomption 2010"},"content":{"rendered":"<figure id=\"attachment_924\" aria-describedby=\"caption-attachment-924\" style=\"width: 300px\" class=\"wp-caption aligncenter\"><a href=\"https:\/\/www.associationdemarie.org\/blog\/wp-content\/uploads\/2010\/04\/flyer-marie.jpg\"><img loading=\"lazy\" decoding=\"async\" class=\"size-medium wp-image-924\" title=\"flyer-marie\" src=\"https:\/\/www.associationdemarie.org\/blog\/wp-content\/uploads\/2010\/04\/flyer-marie-300x270.jpg\" alt=\"\" width=\"300\" height=\"270\" srcset=\"https:\/\/www.associationdemarie.org\/blog\/wp-content\/uploads\/2010\/04\/flyer-marie-300x270.jpg 300w, https:\/\/www.associationdemarie.org\/blog\/wp-content\/uploads\/2010\/04\/flyer-marie.jpg 680w\" sizes=\"auto, (max-width: 300px) 100vw, 300px\" \/><\/a><figcaption id=\"caption-attachment-924\" class=\"wp-caption-text\">Cliquer sur l&#39;image et imprimer.<\/figcaption><\/figure>\n<p style=\"text-align: center;\"><strong>Pensez \u00e0 r\u00e9server votre journ\u00e9e.<\/strong><\/p>\n<p>Buvette, stands, parking assur\u00e9<\/p>\n<p>(Pr\u00e9voir : pique-nique, chapeaux, eau, si\u00e8ges&#8230; et de r\u00e9server le repas du soir)<\/p>\n","protected":false},"excerpt":{"rendered":"<p>Pensez \u00e0 r\u00e9server votre journ\u00e9e. Buvette, stands, parking assur\u00e9 (Pr\u00e9voir : pique-nique, chapeaux, eau, si\u00e8ges&#8230; et de r\u00e9server le repas du soir)<\/p>\n","protected":false},"author":2,"featured_media":0,"comment_status":"closed","ping_status":"closed","sticky":false,"template":"","format":"standard","meta":{"footnotes":""},"categories":[2,5,14,17,25],"tags":[115,202,211,640,1388,836,864],"class_list":["post-1303","post","type-post","status-publish","format-standard","hentry","category-actualites","category-bulletin","category-groupe-prieres","category-maison-de-marie-dardouane","category-pelerinage","tag-assomption-2010","tag-chapelet","tag-chemin-de-croix","tag-marie-mere-des-hommes","tag-prieres","tag-procession","tag-rassemblement"],"_links":{"self":[{"href":"https:\/\/www.associationdemarie.org\/blog\/wp-json\/wp\/v2\/posts\/1303","targetHints":{"allow":["GET"]}}],"collection":[{"href":"https:\/\/www.associationdemarie.org\/blog\/wp-json\/wp\/v2\/posts"}],"about":[{"href":"https:\/\/www.associationdemarie.org\/blog\/wp-json\/wp\/v2\/types\/post"}],"author":[{"embeddable":true,"href":"https:\/\/www.associationdemarie.org\/blog\/wp-json\/wp\/v2\/users\/2"}],"replies":[{"embeddable":true,"href":"https:\/\/www.associationdemarie.org\/blog\/wp-json\/wp\/v2\/comments?post=1303"}],"version-history":[{"count":0,"href":"https:\/\/www.associationdemarie.org\/blog\/wp-json\/wp\/v2\/posts\/1303\/revisions"}],"wp:attachment":[{"href":"https:\/\/www.associationdemarie.org\/blog\/wp-json\/wp\/v2\/media?parent=1303"}],"wp:term":[{"taxonomy":"category","embeddable":true,"href":"https:\/\/www.associationdemarie.org\/blog\/wp-json\/wp\/v2\/categories?post=1303"},{"taxonomy":"post_tag","embeddable":true,"href":"https:\/\/www.associationdemarie.org\/blog\/wp-json\/wp\/v2\/tags?post=1303"}],"curies":[{"name":"wp","href":"https:\/\/api.w.org\/{rel}","templated":true}]}}