{"id":13015,"date":"2016-05-14T07:42:25","date_gmt":"2016-05-14T06:42:25","guid":{"rendered":"http:\/\/www.associationdemarie.org\/blog\/?p=13015"},"modified":"2016-04-21T08:48:09","modified_gmt":"2016-04-21T07:48:09","slug":"neuvaine-des-9-etoiles-de-marie-a-lesprit-saint-9eme-jour","status":"publish","type":"post","link":"https:\/\/www.associationdemarie.org\/blog\/neuvaine-des-9-etoiles-de-marie-a-lesprit-saint-9eme-jour\/","title":{"rendered":"Neuvaine des 9 \u00e9toiles de Marie \u00e0 l&rsquo;Esprit Saint &#8211; 9\u00e8me jour"},"content":{"rendered":"<p><strong><a href=\"https:\/\/www.associationdemarie.org\/blog\/wp-content\/uploads\/2011\/07\/Esprit-Saint.gif\"><img loading=\"lazy\" decoding=\"async\" class=\"alignright  wp-image-3566\" src=\"https:\/\/www.associationdemarie.org\/blog\/wp-content\/uploads\/2011\/07\/Esprit-Saint.gif\" alt=\"Esprit Saint\" width=\"177\" height=\"231\" \/><\/a>\u00ab Je suis avec vous jusqu\u2019\u00e0 la fin de ce monde. \u00bb<\/strong><\/p>\n<p>Je vous offre mon c\u0153ur, tout froid qu&rsquo;il est, et je vous supplie d&rsquo;y faire entrer un rayon de votre lumi\u00e8re et une \u00e9tincelle de votre feu, pour fondre la glace si dure de ces iniquit\u00e9s. Vous qui avez rempli d&rsquo;immenses gr\u00e2ces l&rsquo;\u00e2me de la Bienheureuse Vierge Marie, et enflamm\u00e9 d&rsquo;un saint Z\u00e8le les C\u0153urs des Ap\u00f4tres, daignez aussi embraser mon c\u0153ur. &#8211; Vinum non habent. Que la Bienheureuse Vierge Marie qui a obtenu le vin de l&rsquo;Amour infini, nous obtienne le vin de l&rsquo;Amour infini, qui enivra d&rsquo;extases les Ap\u00f4tres le saint jour de la Pentec\u00f4te.<\/p>\n<p><a href=\"https:\/\/www.associationdemarie.org\/blog\/wp-content\/uploads\/2011\/04\/alpha.jpg\"><img loading=\"lazy\" decoding=\"async\" class=\"aligncenter size-full wp-image-2930\" src=\"https:\/\/www.associationdemarie.org\/blog\/wp-content\/uploads\/2011\/04\/alpha.jpg\" alt=\"alpha\" width=\"225\" height=\"227\" srcset=\"https:\/\/www.associationdemarie.org\/blog\/wp-content\/uploads\/2011\/04\/alpha.jpg 225w, https:\/\/www.associationdemarie.org\/blog\/wp-content\/uploads\/2011\/04\/alpha-150x150.jpg 150w\" sizes=\"auto, (max-width: 225px) 100vw, 225px\" \/><\/a><\/p>\n<p>Que le Saint-Esprit, par Marie, suscite de nouveaux ap\u00f4tres enivr\u00e9s de l&rsquo;amour de J\u00e9sus-Christ. Vous \u00eates un Esprit divin, fortifiez-moi contre les mauvais esprits ; vous \u00eates un Feu, allumez en moi le feu de votre amour ; vous \u00eates une lumi\u00e8re, faites-moi conna\u00eetre les choses \u00e9ternelles ; vous \u00eates une Colombe, donnez-moi des m\u0153urs pures ; vous \u00eates un Souffle plein de douceur, dissipez les orages que soul\u00e8vent en moi mes passions ; vous \u00eates une Langue, enseignez-moi la mani\u00e8re de vous louer sans cesse ; vous \u00eates une Nu\u00e9e, couvrez-moi de l&rsquo;ombre de votre protection. Auteur de tous les dons c\u00e9lestes, ah ! Je vous en conjure, vivifiez-moi par votre gr\u00e2ce, sanctifiez-moi par votre charit\u00e9, gouvernez-moi par votre sagesse, adoptez-moi pour votre enfant et sauvez-moi par votre infinie mis\u00e9ricorde, afin que je ne cesse jamais de vous b\u00e9nir, de vous louer et de vous aimer, d&rsquo;abord sur la terre pendant ma vie, et ensuite dans le Ciel durant l&rsquo;\u00e9ternit\u00e9.<\/p>\n<p>&#8211; Ainsi soit-il !<\/p>\n<p>Ajouter \u00e0 cette pri\u00e8re Un Pater, un Ave, un Veni Creator et trois Gloria Patri.<\/p>\n<p>&nbsp;<\/p>\n<p>&nbsp;<\/p>\n<p><iframe loading=\"lazy\" title=\"Au coeur de ce monde\" width=\"500\" height=\"375\" src=\"https:\/\/www.youtube.com\/embed\/OU3TqVSNkFA?feature=oembed\" frameborder=\"0\" allow=\"accelerometer; autoplay; clipboard-write; encrypted-media; gyroscope; picture-in-picture; web-share\" referrerpolicy=\"strict-origin-when-cross-origin\" allowfullscreen><\/iframe><\/p>\n<p>&nbsp;<\/p>\n<p>&nbsp;<\/p>\n<p>&nbsp;<\/p>\n","protected":false},"excerpt":{"rendered":"<p>\u00ab Je suis avec vous jusqu\u2019\u00e0 la fin de ce monde. \u00bb Je vous offre mon c\u0153ur, tout froid qu&rsquo;il est, et je vous supplie d&rsquo;y faire entrer un rayon de votre lumi\u00e8re et une \u00e9tincelle de votre feu, pour fondre la glace si dure de ces iniquit\u00e9s. Vous qui avez rempli d&rsquo;immenses gr\u00e2ces l&rsquo;\u00e2me [&hellip;]<\/p>\n","protected":false},"author":2,"featured_media":0,"comment_status":"closed","ping_status":"closed","sticky":false,"template":"","format":"standard","meta":{"footnotes":""},"categories":[17,21,26,27],"tags":[55,314,378,1384,640,712,831],"class_list":["post-13015","post","type-post","status-publish","format-standard","hentry","category-maison-de-marie-dardouane","category-neuvaine-a-lesprit-saint","category-priere-des-ames","category-prieres","tag-alpha-et-omega","tag-dons-de-lesprit","tag-esprit-saint","tag-maison-de-marie-dardouane","tag-marie-mere-des-hommes","tag-neuvaine","tag-priere-et-chant"],"_links":{"self":[{"href":"https:\/\/www.associationdemarie.org\/blog\/wp-json\/wp\/v2\/posts\/13015","targetHints":{"allow":["GET"]}}],"collection":[{"href":"https:\/\/www.associationdemarie.org\/blog\/wp-json\/wp\/v2\/posts"}],"about":[{"href":"https:\/\/www.associationdemarie.org\/blog\/wp-json\/wp\/v2\/types\/post"}],"author":[{"embeddable":true,"href":"https:\/\/www.associationdemarie.org\/blog\/wp-json\/wp\/v2\/users\/2"}],"replies":[{"embeddable":true,"href":"https:\/\/www.associationdemarie.org\/blog\/wp-json\/wp\/v2\/comments?post=13015"}],"version-history":[{"count":3,"href":"https:\/\/www.associationdemarie.org\/blog\/wp-json\/wp\/v2\/posts\/13015\/revisions"}],"predecessor-version":[{"id":13018,"href":"https:\/\/www.associationdemarie.org\/blog\/wp-json\/wp\/v2\/posts\/13015\/revisions\/13018"}],"wp:attachment":[{"href":"https:\/\/www.associationdemarie.org\/blog\/wp-json\/wp\/v2\/media?parent=13015"}],"wp:term":[{"taxonomy":"category","embeddable":true,"href":"https:\/\/www.associationdemarie.org\/blog\/wp-json\/wp\/v2\/categories?post=13015"},{"taxonomy":"post_tag","embeddable":true,"href":"https:\/\/www.associationdemarie.org\/blog\/wp-json\/wp\/v2\/tags?post=13015"}],"curies":[{"name":"wp","href":"https:\/\/api.w.org\/{rel}","templated":true}]}}