{"id":12984,"date":"2016-05-09T07:55:38","date_gmt":"2016-05-09T06:55:38","guid":{"rendered":"http:\/\/www.associationdemarie.org\/blog\/?p=12984"},"modified":"2016-04-20T10:02:02","modified_gmt":"2016-04-20T09:02:02","slug":"neuvaine-des-9-etoiles-de-marie-a-lesprit-saint-4eme-jour","status":"publish","type":"post","link":"https:\/\/www.associationdemarie.org\/blog\/neuvaine-des-9-etoiles-de-marie-a-lesprit-saint-4eme-jour\/","title":{"rendered":"Neuvaine des 9 \u00e9toiles de Marie \u00e0 l&rsquo;Esprit Saint &#8211; 4\u00e8me jour"},"content":{"rendered":"<p><a href=\"https:\/\/www.associationdemarie.org\/blog\/wp-content\/uploads\/2010\/12\/marie-reine-du-monde.jpg\"><img loading=\"lazy\" decoding=\"async\" class=\" wp-image-2010\" src=\"https:\/\/www.associationdemarie.org\/blog\/wp-content\/uploads\/2010\/12\/marie-reine-du-monde.jpg\" alt=\"T\u00e9l\u00e9charger la pr\u00e9sentation Powerpoint &quot;Quand je ne sais plus&quot;\" width=\"391\" height=\"293\" srcset=\"https:\/\/www.associationdemarie.org\/blog\/wp-content\/uploads\/2010\/12\/marie-reine-du-monde.jpg 600w, https:\/\/www.associationdemarie.org\/blog\/wp-content\/uploads\/2010\/12\/marie-reine-du-monde-300x225.jpg 300w\" sizes=\"auto, (max-width: 391px) 100vw, 391px\" \/><\/a><\/p>\n<p><strong>Car la gr\u00e2ce (Charis) de Dieu source de salut pour tous les hommes nous a \u00e9t\u00e9 manifest\u00e9e. Le salut nous est donn\u00e9 par J\u00e9sus, donc la gr\u00e2ce de Dieu nous a \u00e9t\u00e9 manifest\u00e9e par J\u00e9sus.<\/strong><\/p>\n<p>Esprit-Saint, divin Consolateur ! Je vous adore comme mon vrai Dieu, ainsi que Dieu le P\u00e8re et Dieu le Fils. Je vous offre mon c\u0153ur et vous rend de vives actions de gr\u00e2ces pour tous les bienfaits que vous avez r\u00e9pandus et que vous r\u00e9pandez sans cesse dans le monde. Vous qui \u00eates l&rsquo;Auteur de tous les dons surnaturels et qui avez combl\u00e9 d&rsquo;immenses faveurs l&rsquo;\u00e2me de la bienheureuse M\u00e8re de Dieu et de toute consolation, Marie, je vous prie de me visiter par votre gr\u00e2ce.<\/p>\n<p>Accordez-moi la Gr\u00e2ce, afin qu&rsquo;elle me serve de frein pour ne jamais retomber dans mes fautes pass\u00e9es, dont je demande mille fois pardon et que je puisse surmonter courageusement toutes les attaques du d\u00e9mon et tous les dangers du monde, qui s&rsquo;opposent au salut de mon \u00e2me. Que ceux qui viennent \u00e0 Ardouane trouvent repos et r\u00e9confort.<\/p>\n<p>&nbsp;<\/p>\n<p>Ajouter \u00e0 cette pri\u00e8re Un Pater, un Ave, un Veni Crestor et trois Gloria Patri.<\/p>\n<p>&nbsp;<\/p>\n<p><iframe loading=\"lazy\" title=\"Feu et lumi\u00e8re - Hymne \u00e0 l&#039; Esprit-Saint\" width=\"500\" height=\"375\" src=\"https:\/\/www.youtube.com\/embed\/jxMkzlB4LRQ?feature=oembed\" frameborder=\"0\" allow=\"accelerometer; autoplay; clipboard-write; encrypted-media; gyroscope; picture-in-picture; web-share\" referrerpolicy=\"strict-origin-when-cross-origin\" allowfullscreen><\/iframe><\/p>\n<p>&nbsp;<\/p>\n<p>&nbsp;<\/p>\n<p>&nbsp;<\/p>\n<p>&nbsp;<\/p>\n","protected":false},"excerpt":{"rendered":"<p>Car la gr\u00e2ce (Charis) de Dieu source de salut pour tous les hommes nous a \u00e9t\u00e9 manifest\u00e9e. Le salut nous est donn\u00e9 par J\u00e9sus, donc la gr\u00e2ce de Dieu nous a \u00e9t\u00e9 manifest\u00e9e par J\u00e9sus. Esprit-Saint, divin Consolateur ! Je vous adore comme mon vrai Dieu, ainsi que Dieu le P\u00e8re et Dieu le Fils. [&hellip;]<\/p>\n","protected":false},"author":2,"featured_media":0,"comment_status":"closed","ping_status":"closed","sticky":false,"template":"","format":"standard","meta":{"footnotes":""},"categories":[17,21,26,27],"tags":[1418,378,458,636,712,831],"class_list":["post-12984","post","type-post","status-publish","format-standard","hentry","category-maison-de-marie-dardouane","category-neuvaine-a-lesprit-saint","category-priere-des-ames","category-prieres","tag-9-etoiles-de-marie","tag-esprit-saint","tag-graces","tag-marie","tag-neuvaine","tag-priere-et-chant"],"_links":{"self":[{"href":"https:\/\/www.associationdemarie.org\/blog\/wp-json\/wp\/v2\/posts\/12984","targetHints":{"allow":["GET"]}}],"collection":[{"href":"https:\/\/www.associationdemarie.org\/blog\/wp-json\/wp\/v2\/posts"}],"about":[{"href":"https:\/\/www.associationdemarie.org\/blog\/wp-json\/wp\/v2\/types\/post"}],"author":[{"embeddable":true,"href":"https:\/\/www.associationdemarie.org\/blog\/wp-json\/wp\/v2\/users\/2"}],"replies":[{"embeddable":true,"href":"https:\/\/www.associationdemarie.org\/blog\/wp-json\/wp\/v2\/comments?post=12984"}],"version-history":[{"count":3,"href":"https:\/\/www.associationdemarie.org\/blog\/wp-json\/wp\/v2\/posts\/12984\/revisions"}],"predecessor-version":[{"id":12990,"href":"https:\/\/www.associationdemarie.org\/blog\/wp-json\/wp\/v2\/posts\/12984\/revisions\/12990"}],"wp:attachment":[{"href":"https:\/\/www.associationdemarie.org\/blog\/wp-json\/wp\/v2\/media?parent=12984"}],"wp:term":[{"taxonomy":"category","embeddable":true,"href":"https:\/\/www.associationdemarie.org\/blog\/wp-json\/wp\/v2\/categories?post=12984"},{"taxonomy":"post_tag","embeddable":true,"href":"https:\/\/www.associationdemarie.org\/blog\/wp-json\/wp\/v2\/tags?post=12984"}],"curies":[{"name":"wp","href":"https:\/\/api.w.org\/{rel}","templated":true}]}}