{"id":1298,"date":"2010-08-01T05:15:40","date_gmt":"2010-08-01T05:15:40","guid":{"rendered":"http:\/\/preprod.meltem-int.com\/marie\/blog\/?p=1298"},"modified":"2010-08-01T05:15:40","modified_gmt":"2010-08-01T05:15:40","slug":"intentions-generales-et-missionnaires-du-saint-pere-pour-aout-2010","status":"publish","type":"post","link":"https:\/\/www.associationdemarie.org\/blog\/intentions-generales-et-missionnaires-du-saint-pere-pour-aout-2010\/","title":{"rendered":"Intentions g\u00e9n\u00e9rales et missionnaires du Saint-P\u00e8re pour ao\u00fbt 2010"},"content":{"rendered":"<p><a href=\"https:\/\/www.associationdemarie.org\/blog\/wp-content\/uploads\/2010\/08\/Benoit_xvi.jpg\"><img loading=\"lazy\" decoding=\"async\" class=\"aligncenter size-medium wp-image-1300\" title=\"Benoit_xvi\" src=\"https:\/\/www.associationdemarie.org\/blog\/wp-content\/uploads\/2010\/08\/Benoit_xvi-300x224.jpg\" alt=\"\" width=\"300\" height=\"224\" srcset=\"https:\/\/www.associationdemarie.org\/blog\/wp-content\/uploads\/2010\/08\/Benoit_xvi-300x224.jpg 300w, https:\/\/www.associationdemarie.org\/blog\/wp-content\/uploads\/2010\/08\/Benoit_xvi.jpg 700w\" sizes=\"auto, (max-width: 300px) 100vw, 300px\" \/><\/a><\/p>\n<p><strong>G\u00e9n\u00e9rale &#8211; Les ch\u00f4meurs et les sans-abris <\/strong><\/p>\n<p>Pour que les ch\u00f4meurs, les sans-abri et ceux qui vivent dans des situations de grave n\u00e9cessit\u00e9, trouvent compr\u00e9hension et accueil, et soient aid\u00e9s de fa\u00e7on concr\u00e8te \u00e0 surmonter leurs difficult\u00e9s.<\/p>\n<p><strong>Missionnaire \u2013 Les discrimin\u00e9s, les affam\u00e9s, les immigr\u00e9s<\/strong><\/p>\n<p>Pour que l&rsquo;Eglise soit la \u00ab maison \u00bb de tous, pr\u00eate \u00e0 ouvrir ses portes \u00e0 ceux qui, en raison des discriminations raciales et religieuses, de la faim et des guerres, sont contraints \u00e0 \u00e9migrer dans d&rsquo;autres pays.<\/p>\n","protected":false},"excerpt":{"rendered":"<p>G\u00e9n\u00e9rale &#8211; Les ch\u00f4meurs et les sans-abris Pour que les ch\u00f4meurs, les sans-abri et ceux qui vivent dans des situations de grave n\u00e9cessit\u00e9, trouvent compr\u00e9hension et accueil, et soient aid\u00e9s de fa\u00e7on concr\u00e8te \u00e0 surmonter leurs difficult\u00e9s. Missionnaire \u2013 Les discrimin\u00e9s, les affam\u00e9s, les immigr\u00e9s Pour que l&rsquo;Eglise soit la \u00ab maison \u00bb de tous, [&hellip;]<\/p>\n","protected":false},"author":2,"featured_media":0,"comment_status":"closed","ping_status":"closed","sticky":false,"template":"","format":"standard","meta":{"footnotes":""},"categories":[2,12,27],"tags":[44,142,217,336,494,504,958],"class_list":["post-1298","post","type-post","status-publish","format-standard","hentry","category-actualites","category-crise","category-prieres","tag-affames","tag-benoit-16","tag-chomeurs","tag-eglise","tag-immigres","tag-intentions-de-priere","tag-sans-abris"],"_links":{"self":[{"href":"https:\/\/www.associationdemarie.org\/blog\/wp-json\/wp\/v2\/posts\/1298","targetHints":{"allow":["GET"]}}],"collection":[{"href":"https:\/\/www.associationdemarie.org\/blog\/wp-json\/wp\/v2\/posts"}],"about":[{"href":"https:\/\/www.associationdemarie.org\/blog\/wp-json\/wp\/v2\/types\/post"}],"author":[{"embeddable":true,"href":"https:\/\/www.associationdemarie.org\/blog\/wp-json\/wp\/v2\/users\/2"}],"replies":[{"embeddable":true,"href":"https:\/\/www.associationdemarie.org\/blog\/wp-json\/wp\/v2\/comments?post=1298"}],"version-history":[{"count":0,"href":"https:\/\/www.associationdemarie.org\/blog\/wp-json\/wp\/v2\/posts\/1298\/revisions"}],"wp:attachment":[{"href":"https:\/\/www.associationdemarie.org\/blog\/wp-json\/wp\/v2\/media?parent=1298"}],"wp:term":[{"taxonomy":"category","embeddable":true,"href":"https:\/\/www.associationdemarie.org\/blog\/wp-json\/wp\/v2\/categories?post=1298"},{"taxonomy":"post_tag","embeddable":true,"href":"https:\/\/www.associationdemarie.org\/blog\/wp-json\/wp\/v2\/tags?post=1298"}],"curies":[{"name":"wp","href":"https:\/\/api.w.org\/{rel}","templated":true}]}}