{"id":12949,"date":"2016-05-05T08:45:06","date_gmt":"2016-05-05T07:45:06","guid":{"rendered":"http:\/\/www.associationdemarie.org\/blog\/?p=12949"},"modified":"2016-04-19T09:29:49","modified_gmt":"2016-04-19T08:29:49","slug":"neuvaine-des-9-etoiles-de-marie-a-lesprit-saint","status":"publish","type":"post","link":"https:\/\/www.associationdemarie.org\/blog\/neuvaine-des-9-etoiles-de-marie-a-lesprit-saint\/","title":{"rendered":"Neuvaine des 9 \u00e9toiles de Marie \u00e0 l&rsquo;Esprit Saint"},"content":{"rendered":"<p><a href=\"https:\/\/www.associationdemarie.org\/blog\/wp-content\/uploads\/2016\/02\/Capture-d\u2019\u00e9cran-2015-12-24-\u00e0-10.39.09.png\"><img loading=\"lazy\" decoding=\"async\" class=\"wp-image-12474 alignright\" src=\"https:\/\/www.associationdemarie.org\/blog\/wp-content\/uploads\/2016\/02\/Capture-d\u2019\u00e9cran-2015-12-24-\u00e0-10.39.09.png\" alt=\"Capture d\u2019\u00e9cran 2015-12-24 \u00e0 10.39.09\" width=\"228\" height=\"257\" srcset=\"https:\/\/www.associationdemarie.org\/blog\/wp-content\/uploads\/2016\/02\/Capture-d\u2019\u00e9cran-2015-12-24-\u00e0-10.39.09.png 576w, https:\/\/www.associationdemarie.org\/blog\/wp-content\/uploads\/2016\/02\/Capture-d\u2019\u00e9cran-2015-12-24-\u00e0-10.39.09-266x300.png 266w\" sizes=\"auto, (max-width: 228px) 100vw, 228px\" \/><\/a>A partir de demain, en jusqu&rsquo;\u00e0 la Pentec\u00f4te, nous offrons cette neuvaine, en union de pri\u00e8re, au grand projet d\u2019Ardouane mais surtout pour que l&rsquo;homme s&rsquo;affranchisse \u00e0 la Parole Divine.<\/p>\n<p>Afin de pr\u00e9parer nos c\u0153urs, chaque don est associ\u00e9 aux missions de La Maison de Marie, chacune des neuf \u00e9toiles de la couronne de Marie M\u00e8re des hommes.<\/p>\n<p>La premi\u00e8re repr\u00e9sente l&rsquo;<strong>Alpha<\/strong>,<\/p>\n<p>La seconde, l&rsquo;<strong>Amour<\/strong>,<\/p>\n<p>La troisi\u00e8me, l&rsquo;<strong>Humilit\u00e9<\/strong>,<\/p>\n<p>La quatri\u00e8me, la <strong>Gr\u00e2ce<\/strong>,<\/p>\n<p>La cinqui\u00e8me, la <strong>Tol\u00e9rance<\/strong>,<\/p>\n<p>La sixi\u00e8me, la <strong>Compr\u00e9hension<\/strong>,<\/p>\n<p>La septi\u00e8me, la <strong>Foi<\/strong>,<\/p>\n<p>La huiti\u00e8me, la <strong>Paix<\/strong>,<\/p>\n<p>La neuvi\u00e8me, l&rsquo;<strong>Om\u00e9ga<\/strong>.<\/p>\n<p>&nbsp;<\/p>\n<p><em><strong>Comme les ap\u00f4tres autour de Marie, prions chaque jour cette neuvaine.<\/strong><\/em><br \/>\n<em><strong>C\u2019est la neuvaine des neuvaines !<\/strong><\/em><\/p>\n<p>&nbsp;<\/p>\n<p>&nbsp;<\/p>\n<p>&nbsp;<\/p>\n<p>&nbsp;<\/p>\n<p>&nbsp;<\/p>\n","protected":false},"excerpt":{"rendered":"<p>A partir de demain, en jusqu&rsquo;\u00e0 la Pentec\u00f4te, nous offrons cette neuvaine, en union de pri\u00e8re, au grand projet d\u2019Ardouane mais surtout pour que l&rsquo;homme s&rsquo;affranchisse \u00e0 la Parole Divine. Afin de pr\u00e9parer nos c\u0153urs, chaque don est associ\u00e9 aux missions de La Maison de Marie, chacune des neuf \u00e9toiles de la couronne de Marie [&hellip;]<\/p>\n","protected":false},"author":2,"featured_media":0,"comment_status":"closed","ping_status":"closed","sticky":false,"template":"","format":"standard","meta":{"footnotes":""},"categories":[17,21,27],"tags":[99,378,383,640,712,771],"class_list":["post-12949","post","type-post","status-publish","format-standard","hentry","category-maison-de-marie-dardouane","category-neuvaine-a-lesprit-saint","category-prieres","tag-ardouane","tag-esprit-saint","tag-etoile","tag-marie-mere-des-hommes","tag-neuvaine","tag-parole-divine"],"_links":{"self":[{"href":"https:\/\/www.associationdemarie.org\/blog\/wp-json\/wp\/v2\/posts\/12949","targetHints":{"allow":["GET"]}}],"collection":[{"href":"https:\/\/www.associationdemarie.org\/blog\/wp-json\/wp\/v2\/posts"}],"about":[{"href":"https:\/\/www.associationdemarie.org\/blog\/wp-json\/wp\/v2\/types\/post"}],"author":[{"embeddable":true,"href":"https:\/\/www.associationdemarie.org\/blog\/wp-json\/wp\/v2\/users\/2"}],"replies":[{"embeddable":true,"href":"https:\/\/www.associationdemarie.org\/blog\/wp-json\/wp\/v2\/comments?post=12949"}],"version-history":[{"count":15,"href":"https:\/\/www.associationdemarie.org\/blog\/wp-json\/wp\/v2\/posts\/12949\/revisions"}],"predecessor-version":[{"id":12964,"href":"https:\/\/www.associationdemarie.org\/blog\/wp-json\/wp\/v2\/posts\/12949\/revisions\/12964"}],"wp:attachment":[{"href":"https:\/\/www.associationdemarie.org\/blog\/wp-json\/wp\/v2\/media?parent=12949"}],"wp:term":[{"taxonomy":"category","embeddable":true,"href":"https:\/\/www.associationdemarie.org\/blog\/wp-json\/wp\/v2\/categories?post=12949"},{"taxonomy":"post_tag","embeddable":true,"href":"https:\/\/www.associationdemarie.org\/blog\/wp-json\/wp\/v2\/tags?post=12949"}],"curies":[{"name":"wp","href":"https:\/\/api.w.org\/{rel}","templated":true}]}}