{"id":12944,"date":"2016-05-10T01:36:10","date_gmt":"2016-05-10T00:36:10","guid":{"rendered":"http:\/\/www.associationdemarie.org\/blog\/?p=12944"},"modified":"2016-04-19T08:42:09","modified_gmt":"2016-04-19T07:42:09","slug":"evangile-de-jesus-christ-selon-saint-jean-171-11a","status":"publish","type":"post","link":"https:\/\/www.associationdemarie.org\/blog\/evangile-de-jesus-christ-selon-saint-jean-171-11a\/","title":{"rendered":"\u00c9vangile de J\u00e9sus Christ selon saint Jean 17,1-11a."},"content":{"rendered":"<p><a href=\"https:\/\/www.associationdemarie.org\/blog\/wp-content\/uploads\/2014\/06\/letter-e.jpg\"><img loading=\"lazy\" decoding=\"async\" class=\"alignleft wp-image-9731\" src=\"https:\/\/www.associationdemarie.org\/blog\/wp-content\/uploads\/2014\/06\/letter-e.jpg\" alt=\"letter-e\" width=\"38\" height=\"42\" srcset=\"https:\/\/www.associationdemarie.org\/blog\/wp-content\/uploads\/2014\/06\/letter-e.jpg 317w, https:\/\/www.associationdemarie.org\/blog\/wp-content\/uploads\/2014\/06\/letter-e-271x300.jpg 271w\" sizes=\"auto, (max-width: 38px) 100vw, 38px\" \/><\/a>n ce temps-l\u00e0, J\u00e9sus leva les yeux au ciel et dit : \u00ab P\u00e8re, l\u2019heure est venue. Glorifie ton Fils afin que le Fils te glorifie.<br \/>\nAinsi, comme tu lui as donn\u00e9 pouvoir sur tout \u00eatre de chair, il donnera la vie \u00e9ternelle \u00e0 tous ceux que tu lui as donn\u00e9s.<br \/>\nOr, la vie \u00e9ternelle, c\u2019est qu\u2019ils te connaissent, toi le seul vrai Dieu, et celui que tu as envoy\u00e9, J\u00e9sus Christ.<br \/>\nMoi, je t\u2019ai glorifi\u00e9 sur la terre en accomplissant l\u2019\u0153uvre que tu m\u2019avais donn\u00e9e \u00e0 faire.<br \/>\nEt maintenant, glorifie-moi aupr\u00e8s de toi, P\u00e8re, de la gloire que j\u2019avais aupr\u00e8s de toi avant que le monde existe.<br \/>\nJ\u2019ai manifest\u00e9 ton nom aux hommes que tu as pris dans le monde pour me les donner. Ils \u00e9taient \u00e0 toi, tu me les as donn\u00e9s, et ils ont gard\u00e9 ta parole.<br \/>\nMaintenant, ils ont reconnu que tout ce que tu m\u2019as donn\u00e9 vient de toi,<br \/>\ncar je leur ai donn\u00e9 les paroles que tu m\u2019avais donn\u00e9es : ils les ont re\u00e7ues, ils ont vraiment reconnu que je suis sorti de toi, et ils ont cru que tu m\u2019as envoy\u00e9.<br \/>\nMoi, je prie pour eux ; ce n\u2019est pas pour le monde que je prie, mais pour ceux que tu m\u2019as donn\u00e9s, car ils sont \u00e0 toi.<br \/>\nTout ce qui est \u00e0 moi est \u00e0 toi, et ce qui est \u00e0 toi est \u00e0 moi ; et je suis glorifi\u00e9 en eux.<br \/>\nD\u00e9sormais, je ne suis plus dans le monde ; eux, ils sont dans le monde, et moi, je viens vers toi.\u00bb<\/p>\n<p>&nbsp;<\/p>\n<p><a href=\"https:\/\/www.associationdemarie.org\/blog\/wp-content\/uploads\/2016\/04\/temptation_jesus20.jpg\"><img loading=\"lazy\" decoding=\"async\" class=\"aligncenter wp-image-12945\" src=\"https:\/\/www.associationdemarie.org\/blog\/wp-content\/uploads\/2016\/04\/temptation_jesus20.jpg\" alt=\"temptation_jesus20\" width=\"461\" height=\"584\" srcset=\"https:\/\/www.associationdemarie.org\/blog\/wp-content\/uploads\/2016\/04\/temptation_jesus20.jpg 379w, https:\/\/www.associationdemarie.org\/blog\/wp-content\/uploads\/2016\/04\/temptation_jesus20-237x300.jpg 237w\" sizes=\"auto, (max-width: 461px) 100vw, 461px\" \/><\/a><\/p>\n<p>Le Seigneur a prononc\u00e9 cette pri\u00e8re la veille de sa Passion. Mais il n&rsquo;est pas hors de propos de l&rsquo;appliquer au jour de l&rsquo;Ascension, au moment o\u00f9 il allait quitter d\u00e9finitivement ses \u00ab petits enfants \u00bb (Jn 13,33), qu&rsquo;il confiait \u00e0 son P\u00e8re. Lui, qui au ciel enseigne et dirige la multitude des anges qu&rsquo;il a cr\u00e9\u00e9s, s&rsquo;\u00e9tait attach\u00e9 sur la terre un \u00ab petit troupeau \u00bb (Lc 12,32) de disciples pour les instruire tandis qu&rsquo;il \u00e9tait pr\u00e9sent dans la chair, jusqu&rsquo;au moment o\u00f9, leur c\u0153ur s&rsquo;\u00e9tant \u00e9largi, ils pourraient \u00eatre conduits par l&rsquo;Esprit. Il aimait ces tout-petits d&rsquo;un amour digne de sa grandeur. Il les avait d\u00e9tach\u00e9s de l&rsquo;amour de ce monde ; il les voyait renoncer \u00e0 tout espoir d&rsquo;ici-bas et ne d\u00e9pendre que de lui seul. Cependant tant qu&rsquo;il vivait avec eux dans son corps, il ne leur a pas prodigu\u00e9 \u00e0 la l\u00e9g\u00e8re les marques de son affection : il s&rsquo;est montr\u00e9 avec eux plus ferme que tendre, comme il convient \u00e0 un ma\u00eetre et \u00e0 un p\u00e8re.<\/p>\n<p>Mais lorsque le moment est venu de les quitter, il semble vaincu par la tendre affection qu&rsquo;il leur portait, et il ne peut plus leur dissimuler l&rsquo;immensit\u00e9 de sa douce bont\u00e9&#8230; D&rsquo;o\u00f9 ces mots : \u00ab Comme il avait aim\u00e9 les siens qui \u00e9taient dans le monde, il les aima jusqu&rsquo;au bout \u00bb (Jn 13,1). Car il a r\u00e9pandu alors en quelque sorte toute la force de son amour pour ses amis avant de se r\u00e9pandre lui-m\u00eame comme de l&rsquo;eau pour ses ennemis (Ps 21,15). Il leur a livr\u00e9 le sacrement de son corps et de son sang et leur a prescrit de le c\u00e9l\u00e9brer. Je ne sais pas ce qu&rsquo;il faut admirer le plus : sa puissance ou sa charit\u00e9, lorsqu&rsquo;il a invent\u00e9 cette nouvelle mani\u00e8re de demeurer avec eux pour les consoler de son d\u00e9part.<\/p>\n<p>Bienheureux Guerric d&rsquo;Igny (v. 1080-1157), abb\u00e9 cistercien<br \/>\nSermon pour l&rsquo;Ascension, 1-2 : PL 185, 153-155 (trad. Orval rev. ; cf SC 202, p. 273).<\/p>\n<p>&nbsp;<\/p>\n<p>&nbsp;<\/p>\n","protected":false},"excerpt":{"rendered":"<p>n ce temps-l\u00e0, J\u00e9sus leva les yeux au ciel et dit : \u00ab P\u00e8re, l\u2019heure est venue. Glorifie ton Fils afin que le Fils te glorifie. Ainsi, comme tu lui as donn\u00e9 pouvoir sur tout \u00eatre de chair, il donnera la vie \u00e9ternelle \u00e0 tous ceux que tu lui as donn\u00e9s. Or, la vie \u00e9ternelle, [&hellip;]<\/p>\n","protected":false},"author":2,"featured_media":0,"comment_status":"closed","ping_status":"closed","sticky":false,"template":"","format":"standard","meta":{"footnotes":""},"categories":[3,13,1261,26,28],"tags":[110,155,297,1382,389,777,830,1041],"class_list":["post-12944","post","type-post","status-publish","format-standard","hentry","category-liturgique","category-ecritures","category-enseignement-2","category-priere-des-ames","category-saints-et-saintes","tag-ascension","tag-bienheureux-guerric-digny","tag-dieu-le-pere","tag-ecritures","tag-evangile","tag-passion","tag-priere","tag-st-jean"],"_links":{"self":[{"href":"https:\/\/www.associationdemarie.org\/blog\/wp-json\/wp\/v2\/posts\/12944","targetHints":{"allow":["GET"]}}],"collection":[{"href":"https:\/\/www.associationdemarie.org\/blog\/wp-json\/wp\/v2\/posts"}],"about":[{"href":"https:\/\/www.associationdemarie.org\/blog\/wp-json\/wp\/v2\/types\/post"}],"author":[{"embeddable":true,"href":"https:\/\/www.associationdemarie.org\/blog\/wp-json\/wp\/v2\/users\/2"}],"replies":[{"embeddable":true,"href":"https:\/\/www.associationdemarie.org\/blog\/wp-json\/wp\/v2\/comments?post=12944"}],"version-history":[{"count":3,"href":"https:\/\/www.associationdemarie.org\/blog\/wp-json\/wp\/v2\/posts\/12944\/revisions"}],"predecessor-version":[{"id":12948,"href":"https:\/\/www.associationdemarie.org\/blog\/wp-json\/wp\/v2\/posts\/12944\/revisions\/12948"}],"wp:attachment":[{"href":"https:\/\/www.associationdemarie.org\/blog\/wp-json\/wp\/v2\/media?parent=12944"}],"wp:term":[{"taxonomy":"category","embeddable":true,"href":"https:\/\/www.associationdemarie.org\/blog\/wp-json\/wp\/v2\/categories?post=12944"},{"taxonomy":"post_tag","embeddable":true,"href":"https:\/\/www.associationdemarie.org\/blog\/wp-json\/wp\/v2\/tags?post=12944"}],"curies":[{"name":"wp","href":"https:\/\/api.w.org\/{rel}","templated":true}]}}