{"id":12938,"date":"2016-05-08T01:35:54","date_gmt":"2016-05-08T00:35:54","guid":{"rendered":"http:\/\/www.associationdemarie.org\/blog\/?p=12938"},"modified":"2016-04-17T06:38:36","modified_gmt":"2016-04-17T05:38:36","slug":"quils-soient-un-en-nous-eux-aussi","status":"publish","type":"post","link":"https:\/\/www.associationdemarie.org\/blog\/quils-soient-un-en-nous-eux-aussi\/","title":{"rendered":"\u00ab Qu&rsquo;ils soient un en nous, eux aussi. \u00bb"},"content":{"rendered":"<p><a href=\"https:\/\/www.associationdemarie.org\/blog\/wp-content\/uploads\/2016\/04\/qu-ils-soient-un-750.jpg\"><img loading=\"lazy\" decoding=\"async\" class=\"aligncenter  wp-image-12939\" src=\"https:\/\/www.associationdemarie.org\/blog\/wp-content\/uploads\/2016\/04\/qu-ils-soient-un-750.jpg\" alt=\"qu-ils-soient-un-750\" width=\"465\" height=\"310\" srcset=\"https:\/\/www.associationdemarie.org\/blog\/wp-content\/uploads\/2016\/04\/qu-ils-soient-un-750.jpg 750w, https:\/\/www.associationdemarie.org\/blog\/wp-content\/uploads\/2016\/04\/qu-ils-soient-un-750-300x200.jpg 300w\" sizes=\"auto, (max-width: 465px) 100vw, 465px\" \/><\/a><\/p>\n<p>Dans sa grande pri\u00e8re sacerdotale, notre Sauveur demande que nous soyons avec lui l\u00e0 o\u00f9 il est et que nous contemplions sa gloire. Il nous aime comme son P\u00e8re l&rsquo;aime et il d\u00e9sire nous donner tout ce que le P\u00e8re lui a donn\u00e9. La gloire qu&rsquo;il tient de son P\u00e8re, il veut nous la donner \u00e0 son tour et nous faire tous un. Il veut que nous ne soyons plus une multitude mais formions tous ensemble une unit\u00e9, r\u00e9unis par sa divinit\u00e9 dans la gloire du Royaume, non pas dans la fusion en une seule substance, mais dans la perfection, sommet de la vertu. C&rsquo;est cela que le Christ a proclam\u00e9 quand il a dit : \u00ab Qu&rsquo;ils soient parfaitement un ! \u00bb Ainsi, rendus parfaits par la sagesse, la prudence, la justice, la pi\u00e9t\u00e9 et toutes les vertus du Christ, nous serons unis \u00e0 la lumi\u00e8re ind\u00e9fectible de la divinit\u00e9 du P\u00e8re, devenus nous-m\u00eames lumi\u00e8re par notre union avec lui, et pleinement fils de Dieu par notre communion \u00e0 son Fils unique qui nous fait prendre part \u00e0 l&rsquo;\u00e9clat de sa divinit\u00e9.<\/p>\n<p>C&rsquo;est de cette mani\u00e8re que nous deviendrons tous un avec le P\u00e8re et le Fils. Car de m\u00eame qu&rsquo;il a d\u00e9clar\u00e9 que le P\u00e8re et lui sont un -\u2013 \u00ab Moi et le P\u00e8re, dit-il, nous sommes un \u00bb (Jn 10,30) \u2014 de m\u00eame il prie pour qu&rsquo;\u00e0 son imitation nous participions \u00e0 la m\u00eame unit\u00e9&#8230; Non pas cette unit\u00e9 de m\u00eame nature qu&rsquo;il a avec le P\u00e8re, mais celle-ci : comme le P\u00e8re l&rsquo;a fait participer \u00e0 sa propre gloire, ainsi lui-m\u00eame, \u00e0 l&rsquo;imitation de son P\u00e8re, communiquera sa gloire \u00e0 ceux qu&rsquo;il aime.<\/p>\n<p>Eus\u00e8be de C\u00e9sar\u00e9e (v. 265-340), \u00e9v\u00eaque, th\u00e9ologien, historien<br \/>\nLa Th\u00e9ologie eccl\u00e9siastique, III, 18-19 ; PG 24, 1042s (trad. Orval)<\/p>\n<p>&nbsp;<\/p>\n<p>&nbsp;<\/p>\n<p>&nbsp;<\/p>\n","protected":false},"excerpt":{"rendered":"<p>Dans sa grande pri\u00e8re sacerdotale, notre Sauveur demande que nous soyons avec lui l\u00e0 o\u00f9 il est et que nous contemplions sa gloire. Il nous aime comme son P\u00e8re l&rsquo;aime et il d\u00e9sire nous donner tout ce que le P\u00e8re lui a donn\u00e9. La gloire qu&rsquo;il tient de son P\u00e8re, il veut nous la donner [&hellip;]<\/p>\n","protected":false},"author":2,"featured_media":0,"comment_status":"closed","ping_status":"closed","sticky":false,"template":"","format":"standard","meta":{"footnotes":""},"categories":[3,13,1261,28],"tags":[220,337,1416,1168,1169],"class_list":["post-12938","post","type-post","status-publish","format-standard","hentry","category-liturgique","category-ecritures","category-enseignement-2","category-saints-et-saintes","tag-christ","tag-eglise-universelle","tag-eusebe-de-cesaree","tag-unite","tag-unite-des-chretiens"],"_links":{"self":[{"href":"https:\/\/www.associationdemarie.org\/blog\/wp-json\/wp\/v2\/posts\/12938","targetHints":{"allow":["GET"]}}],"collection":[{"href":"https:\/\/www.associationdemarie.org\/blog\/wp-json\/wp\/v2\/posts"}],"about":[{"href":"https:\/\/www.associationdemarie.org\/blog\/wp-json\/wp\/v2\/types\/post"}],"author":[{"embeddable":true,"href":"https:\/\/www.associationdemarie.org\/blog\/wp-json\/wp\/v2\/users\/2"}],"replies":[{"embeddable":true,"href":"https:\/\/www.associationdemarie.org\/blog\/wp-json\/wp\/v2\/comments?post=12938"}],"version-history":[{"count":1,"href":"https:\/\/www.associationdemarie.org\/blog\/wp-json\/wp\/v2\/posts\/12938\/revisions"}],"predecessor-version":[{"id":12940,"href":"https:\/\/www.associationdemarie.org\/blog\/wp-json\/wp\/v2\/posts\/12938\/revisions\/12940"}],"wp:attachment":[{"href":"https:\/\/www.associationdemarie.org\/blog\/wp-json\/wp\/v2\/media?parent=12938"}],"wp:term":[{"taxonomy":"category","embeddable":true,"href":"https:\/\/www.associationdemarie.org\/blog\/wp-json\/wp\/v2\/categories?post=12938"},{"taxonomy":"post_tag","embeddable":true,"href":"https:\/\/www.associationdemarie.org\/blog\/wp-json\/wp\/v2\/tags?post=12938"}],"curies":[{"name":"wp","href":"https:\/\/api.w.org\/{rel}","templated":true}]}}