{"id":12922,"date":"2016-05-04T01:42:04","date_gmt":"2016-05-04T00:42:04","guid":{"rendered":"http:\/\/www.associationdemarie.org\/blog\/?p=12922"},"modified":"2016-04-13T05:44:46","modified_gmt":"2016-04-13T04:44:46","slug":"il-vous-guidera-vers-la-verite-tout-entiere","status":"publish","type":"post","link":"https:\/\/www.associationdemarie.org\/blog\/il-vous-guidera-vers-la-verite-tout-entiere\/","title":{"rendered":"\u00ab Il vous guidera vers la v\u00e9rit\u00e9 tout enti\u00e8re. \u00bb"},"content":{"rendered":"<p><a href=\"https:\/\/www.associationdemarie.org\/blog\/wp-content\/uploads\/2016\/04\/colombe.jpg\"><img loading=\"lazy\" decoding=\"async\" class=\"aligncenter  wp-image-12923\" src=\"https:\/\/www.associationdemarie.org\/blog\/wp-content\/uploads\/2016\/04\/colombe.jpg\" alt=\"colombe\" width=\"482\" height=\"212\" srcset=\"https:\/\/www.associationdemarie.org\/blog\/wp-content\/uploads\/2016\/04\/colombe.jpg 750w, https:\/\/www.associationdemarie.org\/blog\/wp-content\/uploads\/2016\/04\/colombe-300x132.jpg 300w\" sizes=\"auto, (max-width: 482px) 100vw, 482px\" \/><\/a><\/p>\n<p>L&rsquo;Esprit Saint, le Paraclet, le D\u00e9fenseur, est celui que le P\u00e8re et le Fils envoient dans l&rsquo;\u00e2me des justes comme un souffle. C&rsquo;est par lui que nous sommes sanctifi\u00e9s et m\u00e9ritons d&rsquo;\u00eatre saints. Le souffle humain est la vie des corps ; le souffle divin est la vie des esprits. Le souffle humain nous rend sensibles ; le souffle divin nous rend saints. Cet Esprit est Saint, parce que sans lui nul esprit, ni ang\u00e9lique, ni humain, ne peut \u00eatre saint.<\/p>\n<p>\u00ab Le P\u00e8re, dit J\u00e9sus, vous l&rsquo;enverra en mon nom \u00bb (Jn 14,26), c&rsquo;est-\u00e0-dire en ma gloire, pour manifester ma gloire ; ou encore, parce qu&rsquo;il a le m\u00eame nom que le Fils : il est Dieu. \u00ab Il me glorifiera \u00bb parce qu&rsquo;il vous rendra spirituels, et il vous fera comprendre comment le Fils est \u00e9gal au P\u00e8re et non pas seulement un homme comme vous le voyez, ou parce qu&rsquo;il vous enl\u00e8vera votre crainte et vous fera annoncer ma gloire au monde entier. Ainsi, ma gloire, c&rsquo;est le salut des hommes.<\/p>\n<p>\u00ab Il vous enseignera toutes choses. \u00bb \u00ab Fils de Sion, dit le proph\u00e8te Jo\u00ebl, r\u00e9jouissez-vous, car le Seigneur votre Dieu vous a donn\u00e9 celui qui enseigne la justice \u00bb (2,23 Vulg), qui vous enseignera tout ce qui regarde le salut.<\/p>\n<p>Saint Antoine de Padoue (v. 1195-1231), franciscain, docteur de l&rsquo;\u00c9glise<br \/>\nSermons pour le dimanche et les f\u00eates des saints (trad. Bayart, Eds. franciscaines 1944, p170)<\/p>\n<p>&nbsp;<\/p>\n<p><iframe loading=\"lazy\" title=\"\u00d4 Esprit de Feu (de la Communaut\u00e9 de l&#039;Emmanuel)\" width=\"500\" height=\"375\" src=\"https:\/\/www.youtube.com\/embed\/bzTneRm2nXM?feature=oembed\" frameborder=\"0\" allow=\"accelerometer; autoplay; clipboard-write; encrypted-media; gyroscope; picture-in-picture; web-share\" referrerpolicy=\"strict-origin-when-cross-origin\" allowfullscreen><\/iframe><\/p>\n<p>&nbsp;<\/p>\n<p>&nbsp;<\/p>\n<p>&nbsp;<\/p>\n<p>&nbsp;<\/p>\n","protected":false},"excerpt":{"rendered":"<p>L&rsquo;Esprit Saint, le Paraclet, le D\u00e9fenseur, est celui que le P\u00e8re et le Fils envoient dans l&rsquo;\u00e2me des justes comme un souffle. C&rsquo;est par lui que nous sommes sanctifi\u00e9s et m\u00e9ritons d&rsquo;\u00eatre saints. Le souffle humain est la vie des corps ; le souffle divin est la vie des esprits. Le souffle humain nous rend [&hellip;]<\/p>\n","protected":false},"author":2,"featured_media":0,"comment_status":"closed","ping_status":"closed","sticky":false,"template":"","format":"standard","meta":{"footnotes":""},"categories":[3,13,1261,27,28],"tags":[378,765,1010],"class_list":["post-12922","post","type-post","status-publish","format-standard","hentry","category-liturgique","category-ecritures","category-enseignement-2","category-prieres","category-saints-et-saintes","tag-esprit-saint","tag-paraclet","tag-st-antoine-de-padoue"],"_links":{"self":[{"href":"https:\/\/www.associationdemarie.org\/blog\/wp-json\/wp\/v2\/posts\/12922","targetHints":{"allow":["GET"]}}],"collection":[{"href":"https:\/\/www.associationdemarie.org\/blog\/wp-json\/wp\/v2\/posts"}],"about":[{"href":"https:\/\/www.associationdemarie.org\/blog\/wp-json\/wp\/v2\/types\/post"}],"author":[{"embeddable":true,"href":"https:\/\/www.associationdemarie.org\/blog\/wp-json\/wp\/v2\/users\/2"}],"replies":[{"embeddable":true,"href":"https:\/\/www.associationdemarie.org\/blog\/wp-json\/wp\/v2\/comments?post=12922"}],"version-history":[{"count":3,"href":"https:\/\/www.associationdemarie.org\/blog\/wp-json\/wp\/v2\/posts\/12922\/revisions"}],"predecessor-version":[{"id":12926,"href":"https:\/\/www.associationdemarie.org\/blog\/wp-json\/wp\/v2\/posts\/12922\/revisions\/12926"}],"wp:attachment":[{"href":"https:\/\/www.associationdemarie.org\/blog\/wp-json\/wp\/v2\/media?parent=12922"}],"wp:term":[{"taxonomy":"category","embeddable":true,"href":"https:\/\/www.associationdemarie.org\/blog\/wp-json\/wp\/v2\/categories?post=12922"},{"taxonomy":"post_tag","embeddable":true,"href":"https:\/\/www.associationdemarie.org\/blog\/wp-json\/wp\/v2\/tags?post=12922"}],"curies":[{"name":"wp","href":"https:\/\/api.w.org\/{rel}","templated":true}]}}