{"id":12910,"date":"2016-05-02T01:37:19","date_gmt":"2016-05-02T00:37:19","guid":{"rendered":"http:\/\/www.associationdemarie.org\/blog\/?p=12910"},"modified":"2016-04-11T17:45:48","modified_gmt":"2016-04-11T16:45:48","slug":"intentions-de-priere-du-pape-francois-mai-2016","status":"publish","type":"post","link":"https:\/\/www.associationdemarie.org\/blog\/intentions-de-priere-du-pape-francois-mai-2016\/","title":{"rendered":"Intentions de pri\u00e8re du pape Fran\u00e7ois &#8211; mai 2016"},"content":{"rendered":"<p><a href=\"https:\/\/www.associationdemarie.org\/blog\/wp-content\/uploads\/2016\/04\/mutter10.jpg\"><img loading=\"lazy\" decoding=\"async\" class=\"aligncenter  wp-image-12912\" src=\"https:\/\/www.associationdemarie.org\/blog\/wp-content\/uploads\/2016\/04\/mutter10.jpg\" alt=\"mutter10\" width=\"411\" height=\"548\" srcset=\"https:\/\/www.associationdemarie.org\/blog\/wp-content\/uploads\/2016\/04\/mutter10.jpg 240w, https:\/\/www.associationdemarie.org\/blog\/wp-content\/uploads\/2016\/04\/mutter10-225x300.jpg 225w\" sizes=\"auto, (max-width: 411px) 100vw, 411px\" \/><\/a><\/p>\n<p>&nbsp;<\/p>\n<p><strong><img loading=\"lazy\" decoding=\"async\" class=\"wp-image-12911 alignright\" src=\"https:\/\/www.associationdemarie.org\/blog\/wp-content\/uploads\/2016\/04\/ourlad10.jpg\" alt=\"ourlad10\" width=\"94\" height=\"154\" srcset=\"https:\/\/www.associationdemarie.org\/blog\/wp-content\/uploads\/2016\/04\/ourlad10.jpg 378w, https:\/\/www.associationdemarie.org\/blog\/wp-content\/uploads\/2016\/04\/ourlad10-183x300.jpg 183w\" sizes=\"auto, (max-width: 94px) 100vw, 94px\" \/>Universelle : Les femmes dans la soci\u00e9t\u00e9<\/strong><br \/>\nPour que dans tous les pays du monde les femmes soient honor\u00e9es et respect\u00e9es, et que soit<br \/>\nvaloris\u00e9e leur contribution sociale irrempla\u00e7able.<\/p>\n<p><span style=\"color: #ffffff;\">.<\/span><br \/>\n<strong>Pour l&rsquo;\u00e9vang\u00e9lisation : Pri\u00e8re du Rosaire<\/strong><br \/>\nPour que la pratique de la pri\u00e8re du Rosaire se diffuse dans les familles, les communaut\u00e9s et les<br \/>\ngroupes, pour l&rsquo;\u00e9vang\u00e9lisation et pour la paix.<\/p>\n<p>&nbsp;<\/p>\n<p>&nbsp;<\/p>\n<p>&nbsp;<\/p>\n<p>&nbsp;<\/p>\n<p>&nbsp;<\/p>\n","protected":false},"excerpt":{"rendered":"<p>&nbsp; Universelle : Les femmes dans la soci\u00e9t\u00e9 Pour que dans tous les pays du monde les femmes soient honor\u00e9es et respect\u00e9es, et que soit valoris\u00e9e leur contribution sociale irrempla\u00e7able. . Pour l&rsquo;\u00e9vang\u00e9lisation : Pri\u00e8re du Rosaire Pour que la pratique de la pri\u00e8re du Rosaire se diffuse dans les familles, les communaut\u00e9s et les [&hellip;]<\/p>\n","protected":false},"author":2,"featured_media":0,"comment_status":"closed","ping_status":"closed","sticky":false,"template":"","format":"standard","meta":{"footnotes":""},"categories":[2,14],"tags":[404,504,761,902],"class_list":["post-12910","post","type-post","status-publish","format-standard","hentry","category-actualites","category-groupe-prieres","tag-femmes","tag-intentions-de-priere","tag-pape-francois","tag-rosaire"],"_links":{"self":[{"href":"https:\/\/www.associationdemarie.org\/blog\/wp-json\/wp\/v2\/posts\/12910","targetHints":{"allow":["GET"]}}],"collection":[{"href":"https:\/\/www.associationdemarie.org\/blog\/wp-json\/wp\/v2\/posts"}],"about":[{"href":"https:\/\/www.associationdemarie.org\/blog\/wp-json\/wp\/v2\/types\/post"}],"author":[{"embeddable":true,"href":"https:\/\/www.associationdemarie.org\/blog\/wp-json\/wp\/v2\/users\/2"}],"replies":[{"embeddable":true,"href":"https:\/\/www.associationdemarie.org\/blog\/wp-json\/wp\/v2\/comments?post=12910"}],"version-history":[{"count":4,"href":"https:\/\/www.associationdemarie.org\/blog\/wp-json\/wp\/v2\/posts\/12910\/revisions"}],"predecessor-version":[{"id":12916,"href":"https:\/\/www.associationdemarie.org\/blog\/wp-json\/wp\/v2\/posts\/12910\/revisions\/12916"}],"wp:attachment":[{"href":"https:\/\/www.associationdemarie.org\/blog\/wp-json\/wp\/v2\/media?parent=12910"}],"wp:term":[{"taxonomy":"category","embeddable":true,"href":"https:\/\/www.associationdemarie.org\/blog\/wp-json\/wp\/v2\/categories?post=12910"},{"taxonomy":"post_tag","embeddable":true,"href":"https:\/\/www.associationdemarie.org\/blog\/wp-json\/wp\/v2\/tags?post=12910"}],"curies":[{"name":"wp","href":"https:\/\/api.w.org\/{rel}","templated":true}]}}