{"id":12893,"date":"2016-04-28T01:08:16","date_gmt":"2016-04-28T00:08:16","guid":{"rendered":"http:\/\/www.associationdemarie.org\/blog\/?p=12893"},"modified":"2016-04-08T19:11:37","modified_gmt":"2016-04-08T18:11:37","slug":"evangile-de-jesus-christ-selon-saint-jean-159-11-2","status":"publish","type":"post","link":"https:\/\/www.associationdemarie.org\/blog\/evangile-de-jesus-christ-selon-saint-jean-159-11-2\/","title":{"rendered":"\u00c9vangile de J\u00e9sus Christ selon saint Jean 15,9-11."},"content":{"rendered":"<p>En ce temps-l\u00e0, J\u00e9sus disait \u00e0 ses disciples : \u00ab Comme le P\u00e8re m\u2019a aim\u00e9, moi aussi je vous ai aim\u00e9s. Demeurez dans mon amour.<br \/>\nSi vous gardez mes commandements, vous demeurerez dans mon amour, comme moi, j\u2019ai gard\u00e9 les commandements de mon P\u00e8re, et je demeure dans son amour.<br \/>\nJe vous ai dit cela pour que ma joie soit en vous, et que votre joie soit parfaite. \u00bb<\/p>\n<p><a href=\"https:\/\/www.associationdemarie.org\/blog\/wp-content\/uploads\/2016\/04\/maxresdefault.jpg\"><img loading=\"lazy\" decoding=\"async\" class=\"aligncenter wp-image-12894\" src=\"https:\/\/www.associationdemarie.org\/blog\/wp-content\/uploads\/2016\/04\/maxresdefault.jpg\" alt=\"maxresdefault\" width=\"470\" height=\"264\" srcset=\"https:\/\/www.associationdemarie.org\/blog\/wp-content\/uploads\/2016\/04\/maxresdefault.jpg 1280w, https:\/\/www.associationdemarie.org\/blog\/wp-content\/uploads\/2016\/04\/maxresdefault-300x169.jpg 300w, https:\/\/www.associationdemarie.org\/blog\/wp-content\/uploads\/2016\/04\/maxresdefault-1024x576.jpg 1024w\" sizes=\"auto, (max-width: 470px) 100vw, 470px\" \/><\/a><\/p>\n<p>Je t&rsquo;en prie, mon Dieu, fais que je te connaisse, fais que je t&rsquo;aime pour que ma joie soit en toi. Et si ce n&rsquo;est pas pleinement possible en cette vie, fais du moins que j&rsquo;y progresse tous les jours, jusqu&rsquo;\u00e0 parvenir \u00e0 la pl\u00e9nitude. Qu&rsquo;en cette vie ta connaissance grandisse en moi, et qu&rsquo;elle soit achev\u00e9e au dernier jour ; que grandisse en moi ton amour et qu&rsquo;il soit parfait dans la vie \u00e0 venir, pour que ma joie, d\u00e9j\u00e0 grande ici-bas en esp\u00e9rance, soit alors achev\u00e9e dans la r\u00e9alit\u00e9.<\/p>\n<p>Seigneur Dieu, par ton Fils tu nous as donn\u00e9 l&rsquo;ordre, ou mieux, le conseil, de demander ; et tu as promis que nous serions exauc\u00e9s, afin que notre joie soit parfaite (Jn 16,24). Je te fais, Seigneur, la pri\u00e8re que tu nous sugg\u00e8res par celui qui est notre \u00ab Conseiller admirable \u00bb (Is 9,5). Puiss\u00e9-je recevoir ce que tu as promis par celui qui est ta V\u00e9rit\u00e9, pour que ma joie soit parfaite. Dieu vrai, je te fais cette pri\u00e8re ; exauce-moi pour que ma joie soit parfaite.<\/p>\n<p>Que d\u00e9sormais ce soit la m\u00e9ditation de mon esprit et la parole de mes l\u00e8vres. Que ce soit l&rsquo;amour de mon c\u0153ur et le discours de ma bouche, que ce soit la faim de mon \u00e2me, la soif de ma chair et le d\u00e9sir de tout mon \u00eatre, jusqu&rsquo;\u00e0 ce que j&rsquo;entre dans la joie du Seigneur (Mt 25,21), Dieu unique en trois Personnes, b\u00e9ni pour les si\u00e8cles. Amen.<\/p>\n<p>Saint Anselme (1033-1109), moine, \u00e9v\u00eaque, docteur de l&rsquo;\u00c9glise<br \/>\nProsologion, 26 (trad. br\u00e9viaire rev.)<\/p>\n<p>&nbsp;<\/p>\n<p>&nbsp;<\/p>\n<p><iframe loading=\"lazy\" title=\"Pri\u00e8re de Cons\u00e9cration de Saint Louis-Marie Grignion de Montfort\" width=\"500\" height=\"375\" src=\"https:\/\/www.youtube.com\/embed\/0SpvuAnY0w0?feature=oembed\" frameborder=\"0\" allow=\"accelerometer; autoplay; clipboard-write; encrypted-media; gyroscope; picture-in-picture; web-share\" referrerpolicy=\"strict-origin-when-cross-origin\" allowfullscreen><\/iframe><\/p>\n<p>&nbsp;<\/p>\n<p>&nbsp;<\/p>\n<p>&nbsp;<\/p>\n","protected":false},"excerpt":{"rendered":"<p>En ce temps-l\u00e0, J\u00e9sus disait \u00e0 ses disciples : \u00ab Comme le P\u00e8re m\u2019a aim\u00e9, moi aussi je vous ai aim\u00e9s. Demeurez dans mon amour. Si vous gardez mes commandements, vous demeurerez dans mon amour, comme moi, j\u2019ai gard\u00e9 les commandements de mon P\u00e8re, et je demeure dans son amour. Je vous ai dit cela [&hellip;]<\/p>\n","protected":false},"author":2,"featured_media":0,"comment_status":"closed","ping_status":"closed","sticky":false,"template":"","format":"standard","meta":{"footnotes":""},"categories":[3,13,1261,26,28],"tags":[389,544,1041,1054],"class_list":["post-12893","post","type-post","status-publish","format-standard","hentry","category-liturgique","category-ecritures","category-enseignement-2","category-priere-des-ames","category-saints-et-saintes","tag-evangile","tag-joie","tag-st-jean","tag-st-louis-marie-grignion-de-montfort"],"_links":{"self":[{"href":"https:\/\/www.associationdemarie.org\/blog\/wp-json\/wp\/v2\/posts\/12893","targetHints":{"allow":["GET"]}}],"collection":[{"href":"https:\/\/www.associationdemarie.org\/blog\/wp-json\/wp\/v2\/posts"}],"about":[{"href":"https:\/\/www.associationdemarie.org\/blog\/wp-json\/wp\/v2\/types\/post"}],"author":[{"embeddable":true,"href":"https:\/\/www.associationdemarie.org\/blog\/wp-json\/wp\/v2\/users\/2"}],"replies":[{"embeddable":true,"href":"https:\/\/www.associationdemarie.org\/blog\/wp-json\/wp\/v2\/comments?post=12893"}],"version-history":[{"count":5,"href":"https:\/\/www.associationdemarie.org\/blog\/wp-json\/wp\/v2\/posts\/12893\/revisions"}],"predecessor-version":[{"id":12899,"href":"https:\/\/www.associationdemarie.org\/blog\/wp-json\/wp\/v2\/posts\/12893\/revisions\/12899"}],"wp:attachment":[{"href":"https:\/\/www.associationdemarie.org\/blog\/wp-json\/wp\/v2\/media?parent=12893"}],"wp:term":[{"taxonomy":"category","embeddable":true,"href":"https:\/\/www.associationdemarie.org\/blog\/wp-json\/wp\/v2\/categories?post=12893"},{"taxonomy":"post_tag","embeddable":true,"href":"https:\/\/www.associationdemarie.org\/blog\/wp-json\/wp\/v2\/tags?post=12893"}],"curies":[{"name":"wp","href":"https:\/\/api.w.org\/{rel}","templated":true}]}}