{"id":12884,"date":"2016-04-25T01:43:15","date_gmt":"2016-04-25T00:43:15","guid":{"rendered":"http:\/\/www.associationdemarie.org\/blog\/?p=12884"},"modified":"2016-04-04T19:44:10","modified_gmt":"2016-04-04T18:44:10","slug":"evangile-de-jesus-christ-selon-saint-marc-1615-20","status":"publish","type":"post","link":"https:\/\/www.associationdemarie.org\/blog\/evangile-de-jesus-christ-selon-saint-marc-1615-20\/","title":{"rendered":"\u00c9vangile de J\u00e9sus Christ selon saint Marc 16,15-20."},"content":{"rendered":"<p><a href=\"https:\/\/www.associationdemarie.org\/blog\/wp-content\/uploads\/2015\/05\/E-5.jpg\"><img loading=\"lazy\" decoding=\"async\" class=\"alignleft wp-image-11283\" src=\"https:\/\/www.associationdemarie.org\/blog\/wp-content\/uploads\/2015\/05\/E-5.jpg\" alt=\"E-5\" width=\"66\" height=\"59\" srcset=\"https:\/\/www.associationdemarie.org\/blog\/wp-content\/uploads\/2015\/05\/E-5.jpg 575w, https:\/\/www.associationdemarie.org\/blog\/wp-content\/uploads\/2015\/05\/E-5-300x267.jpg 300w\" sizes=\"auto, (max-width: 66px) 100vw, 66px\" \/><\/a>n ce temps-l\u00e0, J\u00e9sus ressuscit\u00e9 se manifesta aux onze Ap\u00f4tres et leur dit : \u00ab Allez dans le monde entier. Proclamez l\u2019\u00c9vangile \u00e0 toute la cr\u00e9ation.<br \/>\nCelui qui croira et sera baptis\u00e9 sera sauv\u00e9 ; celui qui refusera de croire sera condamn\u00e9.<br \/>\nVoici les signes qui accompagneront ceux qui deviendront croyants : en mon nom, ils expulseront les d\u00e9mons ; ils parleront en langues nouvelles ;<br \/>\nils prendront des serpents dans leurs mains et, s\u2019ils boivent un poison mortel, il ne leur fera pas de mal ; ils imposeront les mains aux malades, et les malades s\u2019en trouveront bien. \u00bb<br \/>\nLe Seigneur J\u00e9sus, apr\u00e8s leur avoir parl\u00e9, fut enlev\u00e9 au ciel et s\u2019assit \u00e0 la droite de Dieu.<br \/>\nQuant \u00e0 eux, ils s\u2019en all\u00e8rent proclamer partout l\u2019\u00c9vangile. Le Seigneur travaillait avec eux et confirmait la Parole par les signes qui l\u2019accompagnaient.<\/p>\n<p><a href=\"https:\/\/www.associationdemarie.org\/blog\/wp-content\/uploads\/2016\/04\/Emmanuel_Tzanes_-_St._Mark_the_Evangelist_-_1657.jpg\"><img loading=\"lazy\" decoding=\"async\" class=\"aligncenter  wp-image-12885\" src=\"https:\/\/www.associationdemarie.org\/blog\/wp-content\/uploads\/2016\/04\/Emmanuel_Tzanes_-_St._Mark_the_Evangelist_-_1657.jpg\" alt=\"Emmanuel_Tzanes_-_St._Mark_the_Evangelist_-_1657\" width=\"301\" height=\"372\" srcset=\"https:\/\/www.associationdemarie.org\/blog\/wp-content\/uploads\/2016\/04\/Emmanuel_Tzanes_-_St._Mark_the_Evangelist_-_1657.jpg 1314w, https:\/\/www.associationdemarie.org\/blog\/wp-content\/uploads\/2016\/04\/Emmanuel_Tzanes_-_St._Mark_the_Evangelist_-_1657-242x300.jpg 242w, https:\/\/www.associationdemarie.org\/blog\/wp-content\/uploads\/2016\/04\/Emmanuel_Tzanes_-_St._Mark_the_Evangelist_-_1657-828x1024.jpg 828w\" sizes=\"auto, (max-width: 301px) 100vw, 301px\" \/><\/a><\/p>\n<p>Le Seigneur de toutes choses a donn\u00e9 \u00e0 ses ap\u00f4tres le pouvoir de proclamer l&rsquo;\u00c9vangile. Et c&rsquo;est par eux que nous avons connu la v\u00e9rit\u00e9, c&rsquo;est-\u00e0-dire l&rsquo;enseignement du Fils de Dieu. C&rsquo;est \u00e0 eux que le Seigneur a dit : \u00ab Celui qui vous \u00e9coute m&rsquo;\u00e9coute ; celui qui vous rejette me rejette et rejette celui qui m&rsquo;a envoy\u00e9 \u00bb (Lc 10,16). Car nous n&rsquo;avons pas connu le plan de notre salut par d&rsquo;autres que par ceux qui nous ont fait parvenir l&rsquo;\u00c9vangile.<\/p>\n<p>Cet \u00c9vangile, ils l&rsquo;ont d&rsquo;abord pr\u00each\u00e9. Puis, par la volont\u00e9 de Dieu, ils nous l&rsquo;ont transmis dans des \u00c9critures pour qu&rsquo;il devienne \u00ab le pilier et le soutien \u00bb de notre foi (1Tm 3,15). Il n&rsquo;est pas permis de dire qu&rsquo;ils ont pr\u00each\u00e9 avant d&rsquo;avoir obtenu la connaissance parfaite, comme osent le pr\u00e9tendre certains, qui se targuent d&rsquo;\u00eatre les correcteurs des ap\u00f4tres. En effet, apr\u00e8s que notre Seigneur est ressuscit\u00e9 d&rsquo;entre les morts et que les ap\u00f4tres ont \u00e9t\u00e9 \u00ab rev\u00eatus de la force d&rsquo;en-haut \u00bb (Lc 24,49) par la venue de l&rsquo;Esprit Saint, ils ont \u00e9t\u00e9 remplis de certitude au sujet de tout et ils ont poss\u00e9d\u00e9 la connaissance parfaite. Alors, ils s&rsquo;en all\u00e8rent \u00ab jusqu&rsquo;aux extr\u00e9mit\u00e9s de la terre \u00bb, (Ps 18,5 ;Rm 10,18) proclamant la Bonne Nouvelle des biens qui nous viennent de Dieu et annon\u00e7ant aux hommes la paix du Ciel. Ils poss\u00e9daient, tous \u00e9galement et chacun en particulier, l&rsquo;\u00c9vangile de Dieu.<\/p>\n<p>Saint Ir\u00e9n\u00e9e de Lyon (v. 130-v. 208), \u00e9v\u00eaque, th\u00e9ologien et martyr<br \/>\nContre les h\u00e9r\u00e9sies, III, 1 (trad. Cerf 1984, p. 276 rev.)<\/p>\n<p>&nbsp;<\/p>\n<p>&nbsp;<\/p>\n","protected":false},"excerpt":{"rendered":"<p>n ce temps-l\u00e0, J\u00e9sus ressuscit\u00e9 se manifesta aux onze Ap\u00f4tres et leur dit : \u00ab Allez dans le monde entier. Proclamez l\u2019\u00c9vangile \u00e0 toute la cr\u00e9ation. Celui qui croira et sera baptis\u00e9 sera sauv\u00e9 ; celui qui refusera de croire sera condamn\u00e9. Voici les signes qui accompagneront ceux qui deviendront croyants : en mon nom, [&hellip;]<\/p>\n","protected":false},"author":2,"featured_media":0,"comment_status":"closed","ping_status":"closed","sticky":false,"template":"","format":"standard","meta":{"footnotes":""},"categories":[3,13,1261,28],"tags":[1382,387,1039,1057],"class_list":["post-12884","post","type-post","status-publish","format-standard","hentry","category-liturgique","category-ecritures","category-enseignement-2","category-saints-et-saintes","tag-ecritures","tag-evangelisation","tag-st-irenee","tag-st-marc"],"_links":{"self":[{"href":"https:\/\/www.associationdemarie.org\/blog\/wp-json\/wp\/v2\/posts\/12884","targetHints":{"allow":["GET"]}}],"collection":[{"href":"https:\/\/www.associationdemarie.org\/blog\/wp-json\/wp\/v2\/posts"}],"about":[{"href":"https:\/\/www.associationdemarie.org\/blog\/wp-json\/wp\/v2\/types\/post"}],"author":[{"embeddable":true,"href":"https:\/\/www.associationdemarie.org\/blog\/wp-json\/wp\/v2\/users\/2"}],"replies":[{"embeddable":true,"href":"https:\/\/www.associationdemarie.org\/blog\/wp-json\/wp\/v2\/comments?post=12884"}],"version-history":[{"count":1,"href":"https:\/\/www.associationdemarie.org\/blog\/wp-json\/wp\/v2\/posts\/12884\/revisions"}],"predecessor-version":[{"id":12886,"href":"https:\/\/www.associationdemarie.org\/blog\/wp-json\/wp\/v2\/posts\/12884\/revisions\/12886"}],"wp:attachment":[{"href":"https:\/\/www.associationdemarie.org\/blog\/wp-json\/wp\/v2\/media?parent=12884"}],"wp:term":[{"taxonomy":"category","embeddable":true,"href":"https:\/\/www.associationdemarie.org\/blog\/wp-json\/wp\/v2\/categories?post=12884"},{"taxonomy":"post_tag","embeddable":true,"href":"https:\/\/www.associationdemarie.org\/blog\/wp-json\/wp\/v2\/tags?post=12884"}],"curies":[{"name":"wp","href":"https:\/\/api.w.org\/{rel}","templated":true}]}}