{"id":12877,"date":"2016-04-23T01:57:02","date_gmt":"2016-04-23T00:57:02","guid":{"rendered":"http:\/\/www.associationdemarie.org\/blog\/?p=12877"},"modified":"2016-04-02T15:58:57","modified_gmt":"2016-04-02T14:58:57","slug":"tout-ce-que-vous-demanderez-en-invoquant-mon-nom-je-le-ferai-afin-que-le-pere-soit-glorifie-dans-le-fils","status":"publish","type":"post","link":"https:\/\/www.associationdemarie.org\/blog\/tout-ce-que-vous-demanderez-en-invoquant-mon-nom-je-le-ferai-afin-que-le-pere-soit-glorifie-dans-le-fils\/","title":{"rendered":"\u00ab Tout ce que vous demanderez en invoquant mon nom, je le ferai, afin que le P\u00e8re soit glorifi\u00e9 dans le Fils. \u00bb"},"content":{"rendered":"<p><a href=\"https:\/\/www.associationdemarie.org\/blog\/wp-content\/uploads\/2016\/04\/16-770x468.jpg\"><img loading=\"lazy\" decoding=\"async\" class=\"aligncenter  wp-image-12878\" src=\"https:\/\/www.associationdemarie.org\/blog\/wp-content\/uploads\/2016\/04\/16-770x468.jpg\" alt=\"16-770x468\" width=\"484\" height=\"294\" srcset=\"https:\/\/www.associationdemarie.org\/blog\/wp-content\/uploads\/2016\/04\/16-770x468.jpg 770w, https:\/\/www.associationdemarie.org\/blog\/wp-content\/uploads\/2016\/04\/16-770x468-300x182.jpg 300w\" sizes=\"auto, (max-width: 484px) 100vw, 484px\" \/><\/a><\/p>\n<p>Il me semble que celui qui se dispose \u00e0 prier doit se recueillir et se pr\u00e9parer quelque peu, pour \u00eatre plus prompt, plus attentif \u00e0 l&rsquo;ensemble de sa pri\u00e8re. Il doit de m\u00eame chasser toutes les anxi\u00e9t\u00e9s et tous les troubles de sa pens\u00e9e, et s&rsquo;efforcer de se souvenir de la grandeur du Dieu qu&rsquo;il approche, songer qu&rsquo;il est impie de se pr\u00e9senter \u00e0 lui sans attention, sans effort, avec une sorte de sans-g\u00eane, rejeter enfin toutes les pens\u00e9es \u00e9trang\u00e8res.<\/p>\n<p>En venant \u00e0 la pri\u00e8re, il faut pr\u00e9senter pour ainsi dire l&rsquo;\u00e2me avant les mains, \u00e9lever l&rsquo;esprit vers Dieu avant les yeux, d\u00e9gager l&rsquo;esprit de la terre avant de se lever pour l&rsquo;offrir au Seigneur de l&rsquo;univers, enfin d\u00e9poser tout ressentiment des offenses qu&rsquo;on croit avoir re\u00e7ues si on d\u00e9sire que Dieu oublie le mal commis contre lui-m\u00eame, contre nos proches, ou contre la droite raison.<\/p>\n<p>Comme les attitudes du corps sont innombrables, celle o\u00f9 nous \u00e9tendons les mains et o\u00f9 nous levons les yeux au ciel doit \u00eatre s\u00fbrement pr\u00e9f\u00e9r\u00e9e \u00e0 toutes les autres, pour exprimer dans le corps l&rsquo;image des dispositions de l&rsquo;\u00e2me pendant la pri\u00e8re&#8230;, mais les circonstances peuvent amener parfois \u00e0 prier assis&#8230;ou m\u00eame couch\u00e9&#8230; Pour la pri\u00e8re \u00e0 genoux, elle est n\u00e9cessaire lorsque quelqu&rsquo;un s&rsquo;accuse devant Dieu de ses propres p\u00e9ch\u00e9s, en le suppliant de le gu\u00e9rir et de l&rsquo;absoudre. Elle est le symbole de ce prosternement et de cette soumission dont parle Paul lorsqu&rsquo;il \u00e9crit : \u00ab C&rsquo;est pourquoi je fl\u00e9chis les genoux devant le P\u00e8re, de qui vient toute paternit\u00e9 dans le ciel et sur la terre \u00bb (Ep 3,14-15). C&rsquo;est l\u00e0 l&rsquo;agenouillement spirituel, ainsi appel\u00e9 parce que toute cr\u00e9ature adore Dieu au nom de J\u00e9sus et se soumet humblement \u00e0 lui. L&rsquo;ap\u00f4tre Paul semble y faire allusion quand il dit : \u00ab Qu&rsquo;au nom de J\u00e9sus tout genou fl\u00e9chisse au ciel, sur la terre, et dans l&rsquo;ab\u00eeme \u00bb (Ph 2,10).<\/p>\n<p>Orig\u00e8ne (v. 185-253), pr\u00eatre et th\u00e9ologien<br \/>\nLa Pri\u00e8re, 31 (trad. DDB 1977, p. 117)<\/p>\n<p>&nbsp;<\/p>\n<p>&nbsp;<\/p>\n<p>&nbsp;<\/p>\n","protected":false},"excerpt":{"rendered":"<p>Il me semble que celui qui se dispose \u00e0 prier doit se recueillir et se pr\u00e9parer quelque peu, pour \u00eatre plus prompt, plus attentif \u00e0 l&rsquo;ensemble de sa pri\u00e8re. Il doit de m\u00eame chasser toutes les anxi\u00e9t\u00e9s et tous les troubles de sa pens\u00e9e, et s&rsquo;efforcer de se souvenir de la grandeur du Dieu qu&rsquo;il [&hellip;]<\/p>\n","protected":false},"author":2,"featured_media":0,"comment_status":"closed","ping_status":"closed","sticky":false,"template":"","format":"standard","meta":{"footnotes":""},"categories":[3,13,1261,14,26],"tags":[1382,742,830],"class_list":["post-12877","post","type-post","status-publish","format-standard","hentry","category-liturgique","category-ecritures","category-enseignement-2","category-groupe-prieres","category-priere-des-ames","tag-ecritures","tag-origene","tag-priere"],"_links":{"self":[{"href":"https:\/\/www.associationdemarie.org\/blog\/wp-json\/wp\/v2\/posts\/12877","targetHints":{"allow":["GET"]}}],"collection":[{"href":"https:\/\/www.associationdemarie.org\/blog\/wp-json\/wp\/v2\/posts"}],"about":[{"href":"https:\/\/www.associationdemarie.org\/blog\/wp-json\/wp\/v2\/types\/post"}],"author":[{"embeddable":true,"href":"https:\/\/www.associationdemarie.org\/blog\/wp-json\/wp\/v2\/users\/2"}],"replies":[{"embeddable":true,"href":"https:\/\/www.associationdemarie.org\/blog\/wp-json\/wp\/v2\/comments?post=12877"}],"version-history":[{"count":1,"href":"https:\/\/www.associationdemarie.org\/blog\/wp-json\/wp\/v2\/posts\/12877\/revisions"}],"predecessor-version":[{"id":12879,"href":"https:\/\/www.associationdemarie.org\/blog\/wp-json\/wp\/v2\/posts\/12877\/revisions\/12879"}],"wp:attachment":[{"href":"https:\/\/www.associationdemarie.org\/blog\/wp-json\/wp\/v2\/media?parent=12877"}],"wp:term":[{"taxonomy":"category","embeddable":true,"href":"https:\/\/www.associationdemarie.org\/blog\/wp-json\/wp\/v2\/categories?post=12877"},{"taxonomy":"post_tag","embeddable":true,"href":"https:\/\/www.associationdemarie.org\/blog\/wp-json\/wp\/v2\/tags?post=12877"}],"curies":[{"name":"wp","href":"https:\/\/api.w.org\/{rel}","templated":true}]}}