{"id":12872,"date":"2016-04-21T01:57:34","date_gmt":"2016-04-21T00:57:34","guid":{"rendered":"http:\/\/www.associationdemarie.org\/blog\/?p=12872"},"modified":"2016-03-31T19:59:45","modified_gmt":"2016-03-31T18:59:45","slug":"recevoir-celui-que-jenvoie-cest-me-recevoir-moi-meme-et-me-recevoir-cest-recevoir-celui-qui-ma-envoye","status":"publish","type":"post","link":"https:\/\/www.associationdemarie.org\/blog\/recevoir-celui-que-jenvoie-cest-me-recevoir-moi-meme-et-me-recevoir-cest-recevoir-celui-qui-ma-envoye\/","title":{"rendered":"\u00ab Recevoir celui que j&rsquo;envoie, c&rsquo;est me recevoir moi-m\u00eame ; et me recevoir, c&rsquo;est recevoir celui qui m&rsquo;a envoy\u00e9. \u00bb"},"content":{"rendered":"<p>\u00catre ton \u00e9pouse, \u00f4 J\u00e9sus, \u00eatre carm\u00e9lite, \u00eatre par mon union avec toi la m\u00e8re des \u00e2mes, cela devrait me suffire. Il n&rsquo;en est pas ainsi. Sans doute, ces trois privil\u00e8ges sont bien ma vocation \u2014 carm\u00e9lite, \u00e9pouse et m\u00e8re \u2014 cependant je sens en moi d&rsquo;autres vocations&#8230; Je sens le besoin, le d\u00e9sir d&rsquo;accomplir pour toi, J\u00e9sus, toutes les \u0153uvres les plus h\u00e9ro\u00efques&#8230; Malgr\u00e9 ma petitesse, je voudrais \u00e9clairer les \u00e2mes comme les proph\u00e8tes, les docteurs ; j&rsquo;ai la vocation d&rsquo;\u00eatre ap\u00f4tre. Je voudrais parcourir la terre, pr\u00eacher ton nom et planter sur le sol infid\u00e8le ta Croix glorieuse, mais, \u00f4 mon Bien-Aim\u00e9, une seule mission ne me suffirait pas, je voudrais en m\u00eame temps annoncer l&rsquo;\u00c9vangile dans les cinq parties du monde et jusque dans les \u00eeles les plus recul\u00e9es. Je voudrais \u00eatre missionnaire non seulement pendant quelques ann\u00e9es, mais je voudrais l&rsquo;avoir \u00e9t\u00e9 depuis la cr\u00e9ation du monde et l&rsquo;\u00eatre jusqu&rsquo;\u00e0 la consommation des si\u00e8cles&#8230;<\/p>\n<p>\u00d4 mon J\u00e9sus ! \u00e0 toutes mes folies que vas-tu r\u00e9pondre ? Y a-t-il une \u00e2me plus petite, plus impuissante que la mienne ? Cependant \u00e0 cause m\u00eame de ma faiblesse tu t&rsquo;es plu, Seigneur, \u00e0 combler mes petits d\u00e9sirs enfantins, et tu veux aujourd&rsquo;hui combler d&rsquo;autres d\u00e9sirs plus grands que l&rsquo;univers&#8230; J&rsquo;ai compris que l&rsquo;amour renfermait toutes les vocations, que l&rsquo;amour \u00e9tait tout, qu&rsquo;il embrassait tous les temps et tous les lieux ; en un mot qu&rsquo;il \u00e9tait \u00e9ternel&#8230; Ma vocation, enfin je l&rsquo;ai trouv\u00e9e, ma vocation, c&rsquo;est l&rsquo;amour.<\/p>\n<p>Sainte Th\u00e9r\u00e8se de l&rsquo;Enfant J\u00e9sus (1873-1897), carm\u00e9lite, docteur de l&rsquo;\u00c9glise<br \/>\nManuscrit autobiographique B, 2v\u00b0-3v\u00b0<\/p>\n<p>&nbsp;<\/p>\n<p><iframe loading=\"lazy\" title=\"Th\u00e9r\u00e8se de Lisieux - Ma vocation\" width=\"500\" height=\"281\" src=\"https:\/\/www.youtube.com\/embed\/OdTkzS7vVSY?feature=oembed\" frameborder=\"0\" allow=\"accelerometer; autoplay; clipboard-write; encrypted-media; gyroscope; picture-in-picture; web-share\" referrerpolicy=\"strict-origin-when-cross-origin\" allowfullscreen><\/iframe><\/p>\n","protected":false},"excerpt":{"rendered":"<p>\u00catre ton \u00e9pouse, \u00f4 J\u00e9sus, \u00eatre carm\u00e9lite, \u00eatre par mon union avec toi la m\u00e8re des \u00e2mes, cela devrait me suffire. Il n&rsquo;en est pas ainsi. Sans doute, ces trois privil\u00e8ges sont bien ma vocation \u2014 carm\u00e9lite, \u00e9pouse et m\u00e8re \u2014 cependant je sens en moi d&rsquo;autres vocations&#8230; Je sens le besoin, le d\u00e9sir d&rsquo;accomplir [&hellip;]<\/p>\n","protected":false},"author":2,"featured_media":0,"comment_status":"closed","ping_status":"closed","sticky":false,"template":"","format":"standard","meta":{"footnotes":""},"categories":[3,13,1261,28],"tags":[62,1107],"class_list":["post-12872","post","type-post","status-publish","format-standard","hentry","category-liturgique","category-ecritures","category-enseignement-2","category-saints-et-saintes","tag-amour","tag-ste-therese"],"_links":{"self":[{"href":"https:\/\/www.associationdemarie.org\/blog\/wp-json\/wp\/v2\/posts\/12872","targetHints":{"allow":["GET"]}}],"collection":[{"href":"https:\/\/www.associationdemarie.org\/blog\/wp-json\/wp\/v2\/posts"}],"about":[{"href":"https:\/\/www.associationdemarie.org\/blog\/wp-json\/wp\/v2\/types\/post"}],"author":[{"embeddable":true,"href":"https:\/\/www.associationdemarie.org\/blog\/wp-json\/wp\/v2\/users\/2"}],"replies":[{"embeddable":true,"href":"https:\/\/www.associationdemarie.org\/blog\/wp-json\/wp\/v2\/comments?post=12872"}],"version-history":[{"count":1,"href":"https:\/\/www.associationdemarie.org\/blog\/wp-json\/wp\/v2\/posts\/12872\/revisions"}],"predecessor-version":[{"id":12873,"href":"https:\/\/www.associationdemarie.org\/blog\/wp-json\/wp\/v2\/posts\/12872\/revisions\/12873"}],"wp:attachment":[{"href":"https:\/\/www.associationdemarie.org\/blog\/wp-json\/wp\/v2\/media?parent=12872"}],"wp:term":[{"taxonomy":"category","embeddable":true,"href":"https:\/\/www.associationdemarie.org\/blog\/wp-json\/wp\/v2\/categories?post=12872"},{"taxonomy":"post_tag","embeddable":true,"href":"https:\/\/www.associationdemarie.org\/blog\/wp-json\/wp\/v2\/tags?post=12872"}],"curies":[{"name":"wp","href":"https:\/\/api.w.org\/{rel}","templated":true}]}}