{"id":12840,"date":"2016-04-16T01:07:17","date_gmt":"2016-04-16T00:07:17","guid":{"rendered":"http:\/\/www.associationdemarie.org\/blog\/?p=12840"},"modified":"2016-03-26T08:13:57","modified_gmt":"2016-03-26T07:13:57","slug":"evangile-de-jesus-christ-selon-saint-jean-660-69","status":"publish","type":"post","link":"https:\/\/www.associationdemarie.org\/blog\/evangile-de-jesus-christ-selon-saint-jean-660-69\/","title":{"rendered":"\u00c9vangile de J\u00e9sus Christ selon saint Jean 6,60-69."},"content":{"rendered":"<p>En ce temps-l\u00e0, J\u00e9sus avait donn\u00e9 un enseignement dans la synagogue de Capharna\u00fcm. Beaucoup de ses disciples, qui avaient entendu, d\u00e9clar\u00e8rent : \u00ab Cette parole est rude ! Qui peut l\u2019entendre ? \u00bb<br \/>\nJ\u00e9sus savait en lui-m\u00eame que ses disciples r\u00e9criminaient \u00e0 son sujet. Il leur dit : \u00ab Cela vous scandalise ?<br \/>\nEt quand vous verrez le Fils de l\u2019homme monter l\u00e0 o\u00f9 il \u00e9tait auparavant !&#8230;<br \/>\nC\u2019est l\u2019esprit qui fait vivre, la chair n\u2019est capable de rien. Les paroles que je vous ai dites sont esprit et elles sont vie.<br \/>\nMais il y en a parmi vous qui ne croient pas. \u00bb J\u00e9sus savait en effet depuis le commencement quels \u00e9taient ceux qui ne croyaient pas, et qui \u00e9tait celui qui le livrerait.<br \/>\nIl ajouta : \u00ab Voil\u00e0 pourquoi je vous ai dit que personne ne peut venir \u00e0 moi si cela ne lui est pas donn\u00e9 par le P\u00e8re. \u00bb<br \/>\n\u00c0 partir de ce moment, beaucoup de ses disciples s\u2019en retourn\u00e8rent et cess\u00e8rent de l\u2019accompagner.<br \/>\nAlors J\u00e9sus dit aux Douze : \u00ab Voulez-vous partir, vous aussi ? \u00bb<br \/>\nSimon-Pierre lui r\u00e9pondit : \u00ab Seigneur, \u00e0 qui irions-nous ? Tu as les paroles de la vie \u00e9ternelle.<br \/>\nQuant \u00e0 nous, nous croyons, et nous savons que tu es le Saint de Dieu. \u00bb<\/p>\n<p><a href=\"https:\/\/www.associationdemarie.org\/blog\/wp-content\/uploads\/2016\/03\/6c543dc9.gif\"><img loading=\"lazy\" decoding=\"async\" class=\" wp-image-12841 aligncenter\" src=\"https:\/\/www.associationdemarie.org\/blog\/wp-content\/uploads\/2016\/03\/6c543dc9.gif\" alt=\"6c543dc9\" width=\"442\" height=\"457\" \/><\/a><\/p>\n<p>Nous lisons dans l&rsquo;\u00c9vangile que lorsque le Seigneur s&rsquo;est mis \u00e0 pr\u00eacher et, sous le myst\u00e8re de son corps donn\u00e9 en nourriture, \u00e0 instruire ses disciples sur la n\u00e9cessit\u00e9 de participer \u00e0 ses souffrances, certains ont dit : \u00ab Cette parole est dure \u00bb, et ont cess\u00e9 de l&rsquo;accompagner. Mais comme J\u00e9sus demandait \u00e0 ses disciples si eux aussi voulaient le quitter, ils ont r\u00e9pondu : \u00ab Seigneur, \u00e0 qui irions-nous ? Tu as les paroles de la vie \u00e9ternelle \u00bb.<\/p>\n<p>De m\u00eame, je vous le dis, fr\u00e8res, encore de nos jours pour certains les paroles de J\u00e9sus sont \u00ab esprit et vie \u00bb, et ils marchent \u00e0 sa suite. Mais \u00e0 d&rsquo;autres elles paraissent dures, si bien qu&rsquo;ils cherchent ailleurs une mis\u00e9rable consolation. En effet \u00ab la Sagesse \u00e9l\u00e8ve la voix sur les places \u00bb (Pr 1,20), et plus pr\u00e9cis\u00e9ment sur \u00ab la route large et spacieuse qui conduit \u00e0 la mort \u00bb (Mt 7,13), pour appeler ceux qui s&rsquo;y sont engag\u00e9s. \u00ab Quarante ans, dit un psaume, je me suis tenu proche de cette g\u00e9n\u00e9ration, et j&rsquo;ai dit : ce peuple a toujours le c\u0153ur \u00e9gar\u00e9 \u00bb (94,10). \u00ab Une fois Dieu a parl\u00e9 \u00bb (Ps 61,12) : une fois, oui, parce que sa Parole est unique, sans interruption et perp\u00e9tuelle. Il invite les p\u00e9cheurs \u00e0 rentrer dans leur c\u0153ur, parce que c&rsquo;est l\u00e0 qu&rsquo;il habite, l\u00e0 qu&rsquo;il parle&#8230; \u00ab Si aujourd&rsquo;hui vous entendez sa voix, n&rsquo;endurcissez pas votre c\u0153ur \u00bb (Ps 94,8). Et dans l&rsquo;\u00c9vangile ce sont presque les m\u00eames paroles&#8230; : \u00ab Mes brebis entendent ma voix \u00bb (Jn 10,27)&#8230; \u00ab Vous \u00eates son peuple, les brebis de son p\u00e2turage, si aujourd&rsquo;hui vous \u00e9coutez sa voix. \u00bb (Ps 94,8)<\/p>\n<p>Saint Bernard (1091-1153), moine cistercien et docteur de l&rsquo;\u00c9glise<br \/>\nSermon divers n\u00b05, sur Habaquq ; PL 183,556 (trad. cf. br\u00e9viaire)<\/p>\n<p>&nbsp;<\/p>\n<p>&nbsp;<\/p>\n","protected":false},"excerpt":{"rendered":"<p>En ce temps-l\u00e0, J\u00e9sus avait donn\u00e9 un enseignement dans la synagogue de Capharna\u00fcm. Beaucoup de ses disciples, qui avaient entendu, d\u00e9clar\u00e8rent : \u00ab Cette parole est rude ! Qui peut l\u2019entendre ? \u00bb J\u00e9sus savait en lui-m\u00eame que ses disciples r\u00e9criminaient \u00e0 son sujet. Il leur dit : \u00ab Cela vous scandalise ? Et quand [&hellip;]<\/p>\n","protected":false},"author":2,"featured_media":0,"comment_status":"closed","ping_status":"closed","sticky":false,"template":"","format":"standard","meta":{"footnotes":""},"categories":[3,13,1261,28],"tags":[389,773,1017,1041,1187],"class_list":["post-12840","post","type-post","status-publish","format-standard","hentry","category-liturgique","category-ecritures","category-enseignement-2","category-saints-et-saintes","tag-evangile","tag-paroles","tag-st-bernard","tag-st-jean","tag-vie-eternelle"],"_links":{"self":[{"href":"https:\/\/www.associationdemarie.org\/blog\/wp-json\/wp\/v2\/posts\/12840","targetHints":{"allow":["GET"]}}],"collection":[{"href":"https:\/\/www.associationdemarie.org\/blog\/wp-json\/wp\/v2\/posts"}],"about":[{"href":"https:\/\/www.associationdemarie.org\/blog\/wp-json\/wp\/v2\/types\/post"}],"author":[{"embeddable":true,"href":"https:\/\/www.associationdemarie.org\/blog\/wp-json\/wp\/v2\/users\/2"}],"replies":[{"embeddable":true,"href":"https:\/\/www.associationdemarie.org\/blog\/wp-json\/wp\/v2\/comments?post=12840"}],"version-history":[{"count":2,"href":"https:\/\/www.associationdemarie.org\/blog\/wp-json\/wp\/v2\/posts\/12840\/revisions"}],"predecessor-version":[{"id":12843,"href":"https:\/\/www.associationdemarie.org\/blog\/wp-json\/wp\/v2\/posts\/12840\/revisions\/12843"}],"wp:attachment":[{"href":"https:\/\/www.associationdemarie.org\/blog\/wp-json\/wp\/v2\/media?parent=12840"}],"wp:term":[{"taxonomy":"category","embeddable":true,"href":"https:\/\/www.associationdemarie.org\/blog\/wp-json\/wp\/v2\/categories?post=12840"},{"taxonomy":"post_tag","embeddable":true,"href":"https:\/\/www.associationdemarie.org\/blog\/wp-json\/wp\/v2\/tags?post=12840"}],"curies":[{"name":"wp","href":"https:\/\/api.w.org\/{rel}","templated":true}]}}