{"id":12799,"date":"2016-04-08T01:51:21","date_gmt":"2016-04-08T00:51:21","guid":{"rendered":"http:\/\/www.associationdemarie.org\/blog\/?p=12799"},"modified":"2016-03-18T21:54:24","modified_gmt":"2016-03-18T20:54:24","slug":"jesus-prit-les-pains-et-apres-avoir-rendu-grace-les-leur-distribua","status":"publish","type":"post","link":"https:\/\/www.associationdemarie.org\/blog\/jesus-prit-les-pains-et-apres-avoir-rendu-grace-les-leur-distribua\/","title":{"rendered":"\u00ab J\u00e9sus prit les pains et, apr\u00e8s avoir rendu gr\u00e2ce, les leur distribua. \u00bb"},"content":{"rendered":"<p><a href=\"https:\/\/www.associationdemarie.org\/blog\/wp-content\/uploads\/2016\/03\/multiplication-pains.jpg\"><img loading=\"lazy\" decoding=\"async\" class=\"aligncenter  wp-image-12800\" src=\"https:\/\/www.associationdemarie.org\/blog\/wp-content\/uploads\/2016\/03\/multiplication-pains.jpg\" alt=\"multiplication-pains\" width=\"441\" height=\"411\" srcset=\"https:\/\/www.associationdemarie.org\/blog\/wp-content\/uploads\/2016\/03\/multiplication-pains.jpg 644w, https:\/\/www.associationdemarie.org\/blog\/wp-content\/uploads\/2016\/03\/multiplication-pains-300x280.jpg 300w\" sizes=\"auto, (max-width: 441px) 100vw, 441px\" \/><\/a><\/p>\n<p>Seigneur, lav\u00e9s et purifi\u00e9s au plus profond de nous-m\u00eames, vivifi\u00e9s par ton Esprit Saint, combl\u00e9s par ton eucharistie, fais que nous ayons part \u00e0 la gr\u00e2ce qui a \u00e9t\u00e9 la part des saints ap\u00f4tres et des disciples qui ont re\u00e7u le sacrement de ta main. D\u00e9veloppe en nous la sollicitude et l&#8217;empressement \u00e0 te suivre, comme tes membres (1Co 12,27), pour que nous soyons dignes de recevoir de toi le sens et l&rsquo;exp\u00e9rience de ton aliment spirituel. D\u00e9veloppe en nous le z\u00e8le de Pierre pour d\u00e9truire toute volont\u00e9 qui serait contraire \u00e0 la tienne, ce z\u00e8le que Pierre a con\u00e7u \u00e0 la C\u00e8ne&#8230; D\u00e9veloppe en nous la paix int\u00e9rieure, la r\u00e9solution et la joie qui ont \u00e9t\u00e9 go\u00fbt\u00e9es par saint Jean, inclin\u00e9 sur ta poitrine (Jn 13,25) ; que nous puissions puiser ainsi ta sagesse, que nous apprenions le go\u00fbt de ta douceur, de ta bont\u00e9. D\u00e9veloppe en nous la foi dans sa rectitude, d\u00e9veloppe l&rsquo;esp\u00e9rance ferme et une charit\u00e9 parfaite.<\/p>\n<p>Par l&rsquo;intercession de tous les saints ap\u00f4tres et de tous tes disciples bienheureux, fais-nous recevoir de ta main le sacrement, fais-nous \u00e9viter sans cesse la trahison de Judas et inspire \u00e0 notre esprit ce que ton Esprit a inspir\u00e9 aux saints qui sont maintenant dans le ciel, r\u00e9alisant en eux la perfection de la b\u00e9atitude. R\u00e9alise tout cela, toi qui vis et r\u00e8gnes avec le P\u00e8re dans l&rsquo;unit\u00e9 d&rsquo;un m\u00eame Esprit, d\u00e8s avant tout commencement et bien au-del\u00e0 des si\u00e8cles. Amen.<\/p>\n<p>Saint Albert le Grand (v. 1200-1280), dominicain<br \/>\nLivre sur le sacrement (trad. rev. Tournay)<\/p>\n<p>&nbsp;<\/p>\n<p>&nbsp;<\/p>\n<p>&nbsp;<\/p>\n","protected":false},"excerpt":{"rendered":"<p>Seigneur, lav\u00e9s et purifi\u00e9s au plus profond de nous-m\u00eames, vivifi\u00e9s par ton Esprit Saint, combl\u00e9s par ton eucharistie, fais que nous ayons part \u00e0 la gr\u00e2ce qui a \u00e9t\u00e9 la part des saints ap\u00f4tres et des disciples qui ont re\u00e7u le sacrement de ta main. D\u00e9veloppe en nous la sollicitude et l&#8217;empressement \u00e0 te suivre, [&hellip;]<\/p>\n","protected":false},"author":2,"featured_media":0,"comment_status":"closed","ping_status":"closed","sticky":false,"template":"","format":"standard","meta":{"footnotes":""},"categories":[3,13,1261,28],"tags":[191,385,535,1368],"class_list":["post-12799","post","type-post","status-publish","format-standard","hentry","category-liturgique","category-ecritures","category-enseignement-2","category-saints-et-saintes","tag-cene","tag-eucharistie","tag-jesus","tag-st-albert-le-grand"],"_links":{"self":[{"href":"https:\/\/www.associationdemarie.org\/blog\/wp-json\/wp\/v2\/posts\/12799","targetHints":{"allow":["GET"]}}],"collection":[{"href":"https:\/\/www.associationdemarie.org\/blog\/wp-json\/wp\/v2\/posts"}],"about":[{"href":"https:\/\/www.associationdemarie.org\/blog\/wp-json\/wp\/v2\/types\/post"}],"author":[{"embeddable":true,"href":"https:\/\/www.associationdemarie.org\/blog\/wp-json\/wp\/v2\/users\/2"}],"replies":[{"embeddable":true,"href":"https:\/\/www.associationdemarie.org\/blog\/wp-json\/wp\/v2\/comments?post=12799"}],"version-history":[{"count":2,"href":"https:\/\/www.associationdemarie.org\/blog\/wp-json\/wp\/v2\/posts\/12799\/revisions"}],"predecessor-version":[{"id":12802,"href":"https:\/\/www.associationdemarie.org\/blog\/wp-json\/wp\/v2\/posts\/12799\/revisions\/12802"}],"wp:attachment":[{"href":"https:\/\/www.associationdemarie.org\/blog\/wp-json\/wp\/v2\/media?parent=12799"}],"wp:term":[{"taxonomy":"category","embeddable":true,"href":"https:\/\/www.associationdemarie.org\/blog\/wp-json\/wp\/v2\/categories?post=12799"},{"taxonomy":"post_tag","embeddable":true,"href":"https:\/\/www.associationdemarie.org\/blog\/wp-json\/wp\/v2\/tags?post=12799"}],"curies":[{"name":"wp","href":"https:\/\/api.w.org\/{rel}","templated":true}]}}