{"id":1279,"date":"2010-07-30T05:25:59","date_gmt":"2010-07-30T05:25:59","guid":{"rendered":"http:\/\/preprod.meltem-int.com\/marie\/blog\/?p=1279"},"modified":"2010-07-30T05:25:59","modified_gmt":"2010-07-30T05:25:59","slug":"priere-5","status":"publish","type":"post","link":"https:\/\/www.associationdemarie.org\/blog\/priere-5\/","title":{"rendered":"Pri\u00e8re"},"content":{"rendered":"<p><a href=\"https:\/\/www.associationdemarie.org\/blog\/wp-content\/uploads\/2010\/07\/m-priere.jpg\"><img loading=\"lazy\" decoding=\"async\" class=\"alignright size-medium wp-image-1280\" title=\"m priere\" src=\"https:\/\/www.associationdemarie.org\/blog\/wp-content\/uploads\/2010\/07\/m-priere-300x300.jpg\" alt=\"\" width=\"168\" height=\"168\" \/><\/a>Soyez priants\u00a0; chaque jour \u00e9coutez vos fr\u00e8res, apportez leur le soutien. La pri\u00e8re est le seul lien fort et profond qui vous permet d\u2019\u00eatre en permanence avec Dieu le P\u00e8re, avec mon Fils et avec le Saint-Esprit.<\/p>\n<p>Marie M\u00e8re des hommes &#8211; juillet 2006<\/p>\n","protected":false},"excerpt":{"rendered":"<p>Soyez priants\u00a0; chaque jour \u00e9coutez vos fr\u00e8res, apportez leur le soutien. La pri\u00e8re est le seul lien fort et profond qui vous permet d\u2019\u00eatre en permanence avec Dieu le P\u00e8re, avec mon Fils et avec le Saint-Esprit. Marie M\u00e8re des hommes &#8211; juillet 2006<\/p>\n","protected":false},"author":2,"featured_media":0,"comment_status":"closed","ping_status":"closed","sticky":false,"template":"","format":"standard","meta":{"footnotes":""},"categories":[14,19],"tags":[297,413,437,830,927,939],"class_list":["post-1279","post","type-post","status-publish","format-standard","hentry","category-groupe-prieres","category-messages","tag-dieu-le-pere","tag-fils","tag-freres","tag-priere","tag-saint-esprit","tag-sainte-trinite"],"_links":{"self":[{"href":"https:\/\/www.associationdemarie.org\/blog\/wp-json\/wp\/v2\/posts\/1279","targetHints":{"allow":["GET"]}}],"collection":[{"href":"https:\/\/www.associationdemarie.org\/blog\/wp-json\/wp\/v2\/posts"}],"about":[{"href":"https:\/\/www.associationdemarie.org\/blog\/wp-json\/wp\/v2\/types\/post"}],"author":[{"embeddable":true,"href":"https:\/\/www.associationdemarie.org\/blog\/wp-json\/wp\/v2\/users\/2"}],"replies":[{"embeddable":true,"href":"https:\/\/www.associationdemarie.org\/blog\/wp-json\/wp\/v2\/comments?post=1279"}],"version-history":[{"count":0,"href":"https:\/\/www.associationdemarie.org\/blog\/wp-json\/wp\/v2\/posts\/1279\/revisions"}],"wp:attachment":[{"href":"https:\/\/www.associationdemarie.org\/blog\/wp-json\/wp\/v2\/media?parent=1279"}],"wp:term":[{"taxonomy":"category","embeddable":true,"href":"https:\/\/www.associationdemarie.org\/blog\/wp-json\/wp\/v2\/categories?post=1279"},{"taxonomy":"post_tag","embeddable":true,"href":"https:\/\/www.associationdemarie.org\/blog\/wp-json\/wp\/v2\/tags?post=1279"}],"curies":[{"name":"wp","href":"https:\/\/api.w.org\/{rel}","templated":true}]}}