{"id":12752,"date":"2016-03-21T02:34:21","date_gmt":"2016-03-21T01:34:21","guid":{"rendered":"http:\/\/www.associationdemarie.org\/blog\/?p=12752"},"modified":"2016-03-16T12:39:51","modified_gmt":"2016-03-16T11:39:51","slug":"careme-2016-jour-35","status":"publish","type":"post","link":"https:\/\/www.associationdemarie.org\/blog\/careme-2016-jour-35\/","title":{"rendered":"Car\u00eame 2016 &#8211; jour 35"},"content":{"rendered":"<p><a href=\"https:\/\/www.associationdemarie.org\/blog\/wp-content\/uploads\/2016\/03\/semaine_sainte_youth_program_blogspot_com_petit.jpg\"><img loading=\"lazy\" decoding=\"async\" class=\"aligncenter size-full wp-image-12753\" src=\"https:\/\/www.associationdemarie.org\/blog\/wp-content\/uploads\/2016\/03\/semaine_sainte_youth_program_blogspot_com_petit.jpg\" alt=\"semaine_sainte_youth_program_blogspot_com_petit\" width=\"500\" height=\"234\" srcset=\"https:\/\/www.associationdemarie.org\/blog\/wp-content\/uploads\/2016\/03\/semaine_sainte_youth_program_blogspot_com_petit.jpg 500w, https:\/\/www.associationdemarie.org\/blog\/wp-content\/uploads\/2016\/03\/semaine_sainte_youth_program_blogspot_com_petit-300x140.jpg 300w\" sizes=\"auto, (max-width: 500px) 100vw, 500px\" \/><\/a><\/p>\n<p>Mon Fils a pleur\u00e9 en cette nouvelle crucifixion, personne ne Lui a apport\u00e9 la tr\u00eave de la Paix.<br \/>\nQue les peuples qui souffrent sachent que mon Fils souffre avec eux et qu\u2019Il donne un peu plus chaque jour de Sa vie c\u00e9leste pour qu\u2019aboutisse la paix. Tous ceux qui souffrent doivent ouvrir leurs bras au Fils Eternel.<br \/>\nLa Colombe de la Paix est l\u00e0. Elle ne demande qu\u2019\u00e0 resplendir par la puissance de Dieu. Il faut que les hommes ouvrent leur c\u0153ur, il faut que les hommes se penchent sur eux-m\u00eames pour comprendre que Dieu est int\u00e9rieur \u00e0 chaque \u00eatre humain.<\/p>\n<p>Marie M\u00e8re des hommes &#8211; avril 1999<\/p>\n<p>&nbsp;<\/p>\n<p>&nbsp;<\/p>\n<p>&nbsp;<\/p>\n<p>&nbsp;<\/p>\n","protected":false},"excerpt":{"rendered":"<p>Mon Fils a pleur\u00e9 en cette nouvelle crucifixion, personne ne Lui a apport\u00e9 la tr\u00eave de la Paix. Que les peuples qui souffrent sachent que mon Fils souffre avec eux et qu\u2019Il donne un peu plus chaque jour de Sa vie c\u00e9leste pour qu\u2019aboutisse la paix. Tous ceux qui souffrent doivent ouvrir leurs bras au [&hellip;]<\/p>\n","protected":false},"author":2,"featured_media":0,"comment_status":"closed","ping_status":"closed","sticky":false,"template":"","format":"standard","meta":{"footnotes":""},"categories":[3,17,19],"tags":[241,295,640,668,972],"class_list":["post-12752","post","type-post","status-publish","format-standard","hentry","category-liturgique","category-maison-de-marie-dardouane","category-messages","tag-colombe","tag-dieu","tag-marie-mere-des-hommes","tag-message","tag-semaine-sainte"],"_links":{"self":[{"href":"https:\/\/www.associationdemarie.org\/blog\/wp-json\/wp\/v2\/posts\/12752","targetHints":{"allow":["GET"]}}],"collection":[{"href":"https:\/\/www.associationdemarie.org\/blog\/wp-json\/wp\/v2\/posts"}],"about":[{"href":"https:\/\/www.associationdemarie.org\/blog\/wp-json\/wp\/v2\/types\/post"}],"author":[{"embeddable":true,"href":"https:\/\/www.associationdemarie.org\/blog\/wp-json\/wp\/v2\/users\/2"}],"replies":[{"embeddable":true,"href":"https:\/\/www.associationdemarie.org\/blog\/wp-json\/wp\/v2\/comments?post=12752"}],"version-history":[{"count":2,"href":"https:\/\/www.associationdemarie.org\/blog\/wp-json\/wp\/v2\/posts\/12752\/revisions"}],"predecessor-version":[{"id":12755,"href":"https:\/\/www.associationdemarie.org\/blog\/wp-json\/wp\/v2\/posts\/12752\/revisions\/12755"}],"wp:attachment":[{"href":"https:\/\/www.associationdemarie.org\/blog\/wp-json\/wp\/v2\/media?parent=12752"}],"wp:term":[{"taxonomy":"category","embeddable":true,"href":"https:\/\/www.associationdemarie.org\/blog\/wp-json\/wp\/v2\/categories?post=12752"},{"taxonomy":"post_tag","embeddable":true,"href":"https:\/\/www.associationdemarie.org\/blog\/wp-json\/wp\/v2\/tags?post=12752"}],"curies":[{"name":"wp","href":"https:\/\/api.w.org\/{rel}","templated":true}]}}