{"id":12749,"date":"2016-04-06T01:26:27","date_gmt":"2016-04-06T00:26:27","guid":{"rendered":"http:\/\/www.associationdemarie.org\/blog\/?p=12749"},"modified":"2016-03-16T07:27:39","modified_gmt":"2016-03-16T06:27:39","slug":"evangile-de-jesus-christ-selon-saint-jean-316-21-2","status":"publish","type":"post","link":"https:\/\/www.associationdemarie.org\/blog\/evangile-de-jesus-christ-selon-saint-jean-316-21-2\/","title":{"rendered":"\u00c9vangile de J\u00e9sus Christ selon saint Jean 3,16-21."},"content":{"rendered":"<p><a href=\"https:\/\/www.associationdemarie.org\/blog\/wp-content\/uploads\/2016\/03\/lumiere-1.jpg\"><img loading=\"lazy\" decoding=\"async\" class=\"aligncenter size-full wp-image-12750\" src=\"https:\/\/www.associationdemarie.org\/blog\/wp-content\/uploads\/2016\/03\/lumiere-1.jpg\" alt=\"lumiere-1\" width=\"320\" height=\"402\" srcset=\"https:\/\/www.associationdemarie.org\/blog\/wp-content\/uploads\/2016\/03\/lumiere-1.jpg 320w, https:\/\/www.associationdemarie.org\/blog\/wp-content\/uploads\/2016\/03\/lumiere-1-239x300.jpg 239w\" sizes=\"auto, (max-width: 320px) 100vw, 320px\" \/><\/a><\/p>\n<p>En ce temps-l\u00e0, J\u00e9sus disait \u00e0 Nicod\u00e8me : \u00ab Dieu a tellement aim\u00e9 le monde qu\u2019il a donn\u00e9 son Fils unique, afin que quiconque croit en lui ne se perde pas, mais obtienne la vie \u00e9ternelle.<br \/>\nCar Dieu a envoy\u00e9 son Fils dans le monde, non pas pour juger le monde, mais pour que, par lui, le monde soit sauv\u00e9.<br \/>\nCelui qui croit en lui \u00e9chappe au Jugement ; celui qui ne croit pas est d\u00e9j\u00e0 jug\u00e9, du fait qu\u2019il n\u2019a pas cru au nom du Fils unique de Dieu.<br \/>\nEt le Jugement, le voici : la lumi\u00e8re est venue dans le monde, et les hommes ont pr\u00e9f\u00e9r\u00e9 les t\u00e9n\u00e8bres \u00e0 la lumi\u00e8re, parce que leurs \u0153uvres \u00e9taient mauvaises.<br \/>\nCelui qui fait le mal d\u00e9teste la lumi\u00e8re : il ne vient pas \u00e0 la lumi\u00e8re, de peur que ses \u0153uvres ne soient d\u00e9nonc\u00e9es ;<br \/>\nmais celui qui fait la v\u00e9rit\u00e9 vient \u00e0 la lumi\u00e8re, pour qu\u2019il soit manifeste que ses \u0153uvres ont \u00e9t\u00e9 accomplies en union avec Dieu. \u00bb<\/p>\n<p>&nbsp;<\/p>\n<p>&nbsp;<\/p>\n<p>&nbsp;<\/p>\n","protected":false},"excerpt":{"rendered":"<p>En ce temps-l\u00e0, J\u00e9sus disait \u00e0 Nicod\u00e8me : \u00ab Dieu a tellement aim\u00e9 le monde qu\u2019il a donn\u00e9 son Fils unique, afin que quiconque croit en lui ne se perde pas, mais obtienne la vie \u00e9ternelle. Car Dieu a envoy\u00e9 son Fils dans le monde, non pas pour juger le monde, mais pour que, par [&hellip;]<\/p>\n","protected":false},"author":2,"featured_media":0,"comment_status":"closed","ping_status":"closed","sticky":false,"template":"","format":"standard","meta":{"footnotes":""},"categories":[3,13,28],"tags":[220,389,600,1041],"class_list":["post-12749","post","type-post","status-publish","format-standard","hentry","category-liturgique","category-ecritures","category-saints-et-saintes","tag-christ","tag-evangile","tag-lumiere","tag-st-jean"],"_links":{"self":[{"href":"https:\/\/www.associationdemarie.org\/blog\/wp-json\/wp\/v2\/posts\/12749","targetHints":{"allow":["GET"]}}],"collection":[{"href":"https:\/\/www.associationdemarie.org\/blog\/wp-json\/wp\/v2\/posts"}],"about":[{"href":"https:\/\/www.associationdemarie.org\/blog\/wp-json\/wp\/v2\/types\/post"}],"author":[{"embeddable":true,"href":"https:\/\/www.associationdemarie.org\/blog\/wp-json\/wp\/v2\/users\/2"}],"replies":[{"embeddable":true,"href":"https:\/\/www.associationdemarie.org\/blog\/wp-json\/wp\/v2\/comments?post=12749"}],"version-history":[{"count":1,"href":"https:\/\/www.associationdemarie.org\/blog\/wp-json\/wp\/v2\/posts\/12749\/revisions"}],"predecessor-version":[{"id":12751,"href":"https:\/\/www.associationdemarie.org\/blog\/wp-json\/wp\/v2\/posts\/12749\/revisions\/12751"}],"wp:attachment":[{"href":"https:\/\/www.associationdemarie.org\/blog\/wp-json\/wp\/v2\/media?parent=12749"}],"wp:term":[{"taxonomy":"category","embeddable":true,"href":"https:\/\/www.associationdemarie.org\/blog\/wp-json\/wp\/v2\/categories?post=12749"},{"taxonomy":"post_tag","embeddable":true,"href":"https:\/\/www.associationdemarie.org\/blog\/wp-json\/wp\/v2\/tags?post=12749"}],"curies":[{"name":"wp","href":"https:\/\/api.w.org\/{rel}","templated":true}]}}