{"id":12695,"date":"2016-03-14T06:34:39","date_gmt":"2016-03-14T05:34:39","guid":{"rendered":"http:\/\/www.associationdemarie.org\/blog\/?p=12695"},"modified":"2016-03-09T16:38:50","modified_gmt":"2016-03-09T15:38:50","slug":"careme-2016-jour-29","status":"publish","type":"post","link":"https:\/\/www.associationdemarie.org\/blog\/careme-2016-jour-29\/","title":{"rendered":"Car\u00eame 2016 &#8211; jour 29"},"content":{"rendered":"<p><a href=\"https:\/\/www.associationdemarie.org\/blog\/wp-content\/uploads\/2016\/03\/785b1f2b.jpg\"><img loading=\"lazy\" decoding=\"async\" class=\"aligncenter  wp-image-12697\" src=\"https:\/\/www.associationdemarie.org\/blog\/wp-content\/uploads\/2016\/03\/785b1f2b.jpg\" alt=\"785b1f2b\" width=\"448\" height=\"300\" srcset=\"https:\/\/www.associationdemarie.org\/blog\/wp-content\/uploads\/2016\/03\/785b1f2b.jpg 600w, https:\/\/www.associationdemarie.org\/blog\/wp-content\/uploads\/2016\/03\/785b1f2b-300x201.jpg 300w\" sizes=\"auto, (max-width: 448px) 100vw, 448px\" \/><\/a><\/p>\n<p>Mes enfants, soyez charitables et humbles \u00e0 l\u2019\u00e9gard de mes enfants abandonn\u00e9s et seuls dans un monde incompr\u00e9hensif et sans \u00e9coute.<br \/>\nMes enfants, je vous aiderai \u00e0 prier pour ces enfants, fils du P\u00e8re Eternel. N\u2019oubliez jamais l\u2019exemple de mon Fils pour vos erreurs. Il ne vous est pas demand\u00e9 le sacrifice de votre vie physique, mais le sacrifice du rapprochement envers vos fr\u00e8res qui sont dans l\u2019ignorance et beaucoup dans l\u2019attente d\u2019un chemin plus l\u00e9ger et plus facile.<\/p>\n<p>Marie M\u00e8re des hommes &#8211; f\u00e9vrier 2001<\/p>\n<p>&nbsp;<\/p>\n<p>&nbsp;<\/p>\n<p>&nbsp;<\/p>\n","protected":false},"excerpt":{"rendered":"<p>Mes enfants, soyez charitables et humbles \u00e0 l\u2019\u00e9gard de mes enfants abandonn\u00e9s et seuls dans un monde incompr\u00e9hensif et sans \u00e9coute. Mes enfants, je vous aiderai \u00e0 prier pour ces enfants, fils du P\u00e8re Eternel. N\u2019oubliez jamais l\u2019exemple de mon Fils pour vos erreurs. Il ne vous est pas demand\u00e9 le sacrifice de votre vie [&hellip;]<\/p>\n","protected":false},"author":2,"featured_media":0,"comment_status":"closed","ping_status":"closed","sticky":false,"template":"","format":"standard","meta":{"footnotes":""},"categories":[17,19],"tags":[184,354,640,668,777,795],"class_list":["post-12695","post","type-post","status-publish","format-standard","hentry","category-maison-de-marie-dardouane","category-messages","tag-careme","tag-enfants","tag-marie-mere-des-hommes","tag-message","tag-passion","tag-pere-eternel"],"_links":{"self":[{"href":"https:\/\/www.associationdemarie.org\/blog\/wp-json\/wp\/v2\/posts\/12695","targetHints":{"allow":["GET"]}}],"collection":[{"href":"https:\/\/www.associationdemarie.org\/blog\/wp-json\/wp\/v2\/posts"}],"about":[{"href":"https:\/\/www.associationdemarie.org\/blog\/wp-json\/wp\/v2\/types\/post"}],"author":[{"embeddable":true,"href":"https:\/\/www.associationdemarie.org\/blog\/wp-json\/wp\/v2\/users\/2"}],"replies":[{"embeddable":true,"href":"https:\/\/www.associationdemarie.org\/blog\/wp-json\/wp\/v2\/comments?post=12695"}],"version-history":[{"count":3,"href":"https:\/\/www.associationdemarie.org\/blog\/wp-json\/wp\/v2\/posts\/12695\/revisions"}],"predecessor-version":[{"id":12699,"href":"https:\/\/www.associationdemarie.org\/blog\/wp-json\/wp\/v2\/posts\/12695\/revisions\/12699"}],"wp:attachment":[{"href":"https:\/\/www.associationdemarie.org\/blog\/wp-json\/wp\/v2\/media?parent=12695"}],"wp:term":[{"taxonomy":"category","embeddable":true,"href":"https:\/\/www.associationdemarie.org\/blog\/wp-json\/wp\/v2\/categories?post=12695"},{"taxonomy":"post_tag","embeddable":true,"href":"https:\/\/www.associationdemarie.org\/blog\/wp-json\/wp\/v2\/tags?post=12695"}],"curies":[{"name":"wp","href":"https:\/\/api.w.org\/{rel}","templated":true}]}}