{"id":12691,"date":"2016-03-30T01:17:54","date_gmt":"2016-03-30T00:17:54","guid":{"rendered":"http:\/\/www.associationdemarie.org\/blog\/?p=12691"},"modified":"2016-03-09T06:19:46","modified_gmt":"2016-03-09T05:19:46","slug":"il-marchait-avec-eux-2","status":"publish","type":"post","link":"https:\/\/www.associationdemarie.org\/blog\/il-marchait-avec-eux-2\/","title":{"rendered":"\u00ab Il marchait avec eux. \u00bb"},"content":{"rendered":"<p><a href=\"https:\/\/www.associationdemarie.org\/blog\/wp-content\/uploads\/2016\/03\/affiche_arcabas_smm_20124.jpg\"><img loading=\"lazy\" decoding=\"async\" class=\"aligncenter  wp-image-12692\" src=\"https:\/\/www.associationdemarie.org\/blog\/wp-content\/uploads\/2016\/03\/affiche_arcabas_smm_20124.jpg\" alt=\"affiche_arcabas_smm_2012(4)\" width=\"517\" height=\"346\" srcset=\"https:\/\/www.associationdemarie.org\/blog\/wp-content\/uploads\/2016\/03\/affiche_arcabas_smm_20124.jpg 1176w, https:\/\/www.associationdemarie.org\/blog\/wp-content\/uploads\/2016\/03\/affiche_arcabas_smm_20124-300x201.jpg 300w, https:\/\/www.associationdemarie.org\/blog\/wp-content\/uploads\/2016\/03\/affiche_arcabas_smm_20124-1024x684.jpg 1024w\" sizes=\"auto, (max-width: 517px) 100vw, 517px\" \/><\/a><\/p>\n<p>Le m\u00eame Sauveur, que la Parole de l&rsquo;\u00c9criture nous met sous les yeux dans son humanit\u00e9 en nous le montrant sur tous les chemins qu&rsquo;il a parcourus sur la terre, habite parmi nous cach\u00e9 sous l&rsquo;apparence du pain eucharistique, il vient \u00e0 nous tous les jours comme Pain de Vie. Dans ces deux aspects, il se fait proche de nous et sous ces deux aspects il d\u00e9sire que nous le cherchions et que nous le trouvions. L&rsquo;un appelle l&rsquo;autre. Lorsque nous voyons avec les yeux de la foi le Sauveur devant nous, comme l&rsquo;Ecriture nous le d\u00e9peint, alors grandit notre d\u00e9sir de l&rsquo;accueillir en nous dans le Pain de Vie. Le pain eucharistique \u00e0 son tour avive notre d\u00e9sir de faire toujours plus profond\u00e9ment connaissance avec le Seigneur \u00e0 partir de la Parole de l&rsquo;\u00c9criture, et donne des forces \u00e0 notre esprit pour une meilleure compr\u00e9hension.<\/p>\n<p>Sainte Th\u00e9r\u00e8se-B\u00e9n\u00e9dicte de la Croix [\u00c9dith Stein] (1891-1942), carm\u00e9lite, martyre, copatronne de l&rsquo;Europe<br \/>\nPour le 6 janvier 1941 (trad. Source cach\u00e9e, Cerf 1999, p. 279)<\/p>\n<p>&nbsp;<\/p>\n<p>&nbsp;<\/p>\n<p>&nbsp;<\/p>\n<p>&nbsp;<\/p>\n","protected":false},"excerpt":{"rendered":"<p>Le m\u00eame Sauveur, que la Parole de l&rsquo;\u00c9criture nous met sous les yeux dans son humanit\u00e9 en nous le montrant sur tous les chemins qu&rsquo;il a parcourus sur la terre, habite parmi nous cach\u00e9 sous l&rsquo;apparence du pain eucharistique, il vient \u00e0 nous tous les jours comme Pain de Vie. Dans ces deux aspects, il [&hellip;]<\/p>\n","protected":false},"author":2,"featured_media":0,"comment_status":"closed","ping_status":"closed","sticky":false,"template":"","format":"standard","meta":{"footnotes":""},"categories":[3,13,1261,28],"tags":[91,220,347,385,892,1108],"class_list":["post-12691","post","type-post","status-publish","format-standard","hentry","category-liturgique","category-ecritures","category-enseignement-2","category-saints-et-saintes","tag-arcabas","tag-christ","tag-emmaus","tag-eucharistie","tag-resurrection","tag-ste-therese-benedicte-de-la-croix"],"_links":{"self":[{"href":"https:\/\/www.associationdemarie.org\/blog\/wp-json\/wp\/v2\/posts\/12691","targetHints":{"allow":["GET"]}}],"collection":[{"href":"https:\/\/www.associationdemarie.org\/blog\/wp-json\/wp\/v2\/posts"}],"about":[{"href":"https:\/\/www.associationdemarie.org\/blog\/wp-json\/wp\/v2\/types\/post"}],"author":[{"embeddable":true,"href":"https:\/\/www.associationdemarie.org\/blog\/wp-json\/wp\/v2\/users\/2"}],"replies":[{"embeddable":true,"href":"https:\/\/www.associationdemarie.org\/blog\/wp-json\/wp\/v2\/comments?post=12691"}],"version-history":[{"count":2,"href":"https:\/\/www.associationdemarie.org\/blog\/wp-json\/wp\/v2\/posts\/12691\/revisions"}],"predecessor-version":[{"id":12694,"href":"https:\/\/www.associationdemarie.org\/blog\/wp-json\/wp\/v2\/posts\/12691\/revisions\/12694"}],"wp:attachment":[{"href":"https:\/\/www.associationdemarie.org\/blog\/wp-json\/wp\/v2\/media?parent=12691"}],"wp:term":[{"taxonomy":"category","embeddable":true,"href":"https:\/\/www.associationdemarie.org\/blog\/wp-json\/wp\/v2\/categories?post=12691"},{"taxonomy":"post_tag","embeddable":true,"href":"https:\/\/www.associationdemarie.org\/blog\/wp-json\/wp\/v2\/tags?post=12691"}],"curies":[{"name":"wp","href":"https:\/\/api.w.org\/{rel}","templated":true}]}}