{"id":12668,"date":"2016-03-25T01:06:20","date_gmt":"2016-03-25T00:06:20","guid":{"rendered":"http:\/\/www.associationdemarie.org\/blog\/?p=12668"},"modified":"2016-03-04T08:13:48","modified_gmt":"2016-03-04T07:13:48","slug":"la-croix-arbre-de-vie","status":"publish","type":"post","link":"https:\/\/www.associationdemarie.org\/blog\/la-croix-arbre-de-vie\/","title":{"rendered":"La croix, arbre de vie"},"content":{"rendered":"<p><a href=\"https:\/\/www.associationdemarie.org\/blog\/wp-content\/uploads\/2016\/03\/image2.jpg\"><img loading=\"lazy\" decoding=\"async\" class=\"aligncenter wp-image-12669\" src=\"https:\/\/www.associationdemarie.org\/blog\/wp-content\/uploads\/2016\/03\/image2.jpg\" alt=\"arbredevie\" width=\"504\" height=\"283\" srcset=\"https:\/\/www.associationdemarie.org\/blog\/wp-content\/uploads\/2016\/03\/image2.jpg 650w, https:\/\/www.associationdemarie.org\/blog\/wp-content\/uploads\/2016\/03\/image2-300x168.jpg 300w\" sizes=\"auto, (max-width: 504px) 100vw, 504px\" \/><\/a><\/p>\n<p>Il y avait au milieu du Paradis un arbre. Le serpent s&rsquo;en servit pour tromper nos premiers parents. Remarquez cette chose \u00e9tonnante : pour abuser l&rsquo;homme, le serpent va recourir \u00e0 un sentiment inh\u00e9rent \u00e0 sa nature. En fa\u00e7onnant l&rsquo;homme, le Seigneur en effet avait mis en lui, outre une connaissance g\u00e9n\u00e9rale de l&rsquo;univers, le d\u00e9sir de Dieu. D\u00e8s que le d\u00e9mon d\u00e9couvrit ce d\u00e9sir ardent, il dit \u00e0 l&rsquo;homme : \u00ab Vous deviendrez comme des dieux (Gn 3,5). Maintenant vous n&rsquo;\u00eates que des hommes et vous ne pouvez pas \u00eatre toujours avec Dieu ; mais si vous devenez comme des dieux, vous serez toujours avec lui \u00bb&#8230; Ainsi, c&rsquo;est le d\u00e9sir d&rsquo;\u00eatre \u00e9gal \u00e0 Dieu qui s\u00e9duisit la femme&#8230;, elle mangea et elle engagea l&rsquo;homme \u00e0 en faire autant&#8230; Or, apr\u00e8s la faute, \u00ab Adam entendit la voix du Seigneur qui se promenait dans le Paradis vers le soir \u00bb (Gn 3,8)&#8230; B\u00e9ni soit le Dieu des saints d&rsquo;avoir visit\u00e9 Adam vers le soir ! Et de le visiter encore maintenant vers le soir, sur la croix.<\/p>\n<p>Car c&rsquo;est bien \u00e0 l&rsquo;heure o\u00f9 Adam venait de manger que le Seigneur souffrit sa passion, \u00e0 ces heures marqu\u00e9es par la faute et le jugement, c&rsquo;est-\u00e0-dire entre la sixi\u00e8me heure et la neuvi\u00e8me. \u00c0 la sixi\u00e8me heure, Adam mangea, selon la loi de la nature ; ensuite il se cacha. Et vers le soir, Dieu vint \u00e0 lui.<\/p>\n<p>Adam avait d\u00e9sir\u00e9 devenir Dieu ; il avait d\u00e9sir\u00e9 une chose impossible. Le Christ a combl\u00e9 ce d\u00e9sir. \u00ab Tu as voulu devenir, dit-il, ce que tu ne pouvais \u00eatre ; mais moi, je d\u00e9sire devenir homme, et je le peux. Dieu fait tout le contraire de ce que tu as fait en te laissant s\u00e9duire. Tu as d\u00e9sir\u00e9 ce qui \u00e9tait au-dessus de toi ; je prends, moi, ce qui est au-dessous de moi. Tu as d\u00e9sir\u00e9 \u00eatre l&rsquo;\u00e9gal de Dieu ; je veux, moi, devenir l&rsquo;\u00e9gal de l&rsquo;homme&#8230; Tu as d\u00e9sir\u00e9 devenir Dieu et tu ne l&rsquo;as pas pu. Moi, je me fais homme, pour rendre possible ce qui \u00e9tait impossible. \u00bb Oui, c&rsquo;est bien pour cela que Dieu est venu. Il en t\u00e9moigne \u00e0 ses ap\u00f4tres : \u00ab J&rsquo;ai d\u00e9sir\u00e9 d&rsquo;un grand d\u00e9sir manger cette p\u00e2que avec vous \u00bb (Lc 22,15)&#8230; Il est descendu vers le soir et il a dit : \u00ab Adam, o\u00f9 es-tu ? \u00bb (Gn 3,9)&#8230; Celui qui est venu pour souffrir est le m\u00eame que celui qui est descendu dans le Paradis.<\/p>\n<p>S\u00e9v\u00e9rien de Gabala (?-v. 408), \u00e9v\u00eaque en Syrie<br \/>\n6e Hom\u00e9lie sur la cr\u00e9ation du monde, 5-6 (trad. S\u0153ur Isabelle de la Source, Lire la Bible; M\u00e9diaspaul 1988, t. 1, p. 31)<\/p>\n<p>&nbsp;<\/p>\n<p>Pour lire la Cat\u00e9ch\u00e8se compl\u00e8te :<br \/>\n<a href=\"http:\/\/w2.vatican.va\/content\/benedict-xvi\/fr\/audiences\/2008\/documents\/hf_ben-xvi_aud_20080319.html\">&gt;&gt;&gt; Le Triduum pascal<\/a><\/p>\n<p>&nbsp;<\/p>\n<p>&nbsp;<\/p>\n<p>&nbsp;<\/p>\n","protected":false},"excerpt":{"rendered":"<p>Il y avait au milieu du Paradis un arbre. Le serpent s&rsquo;en servit pour tromper nos premiers parents. Remarquez cette chose \u00e9tonnante : pour abuser l&rsquo;homme, le serpent va recourir \u00e0 un sentiment inh\u00e9rent \u00e0 sa nature. En fa\u00e7onnant l&rsquo;homme, le Seigneur en effet avait mis en lui, outre une connaissance g\u00e9n\u00e9rale de l&rsquo;univers, le [&hellip;]<\/p>\n","protected":false},"author":2,"featured_media":0,"comment_status":"closed","ping_status":"closed","sticky":false,"template":"","format":"standard","meta":{"footnotes":""},"categories":[3,13,1261,16,28],"tags":[40,89,274,448,777,1411,1177],"class_list":["post-12668","post","type-post","status-publish","format-standard","hentry","category-liturgique","category-ecritures","category-enseignement-2","category-jardins-de-la-bible","category-saints-et-saintes","tag-adam","tag-arbre-de-vie","tag-croix","tag-genese","tag-passion","tag-severin-de-gabala","tag-vendredi-saint"],"_links":{"self":[{"href":"https:\/\/www.associationdemarie.org\/blog\/wp-json\/wp\/v2\/posts\/12668","targetHints":{"allow":["GET"]}}],"collection":[{"href":"https:\/\/www.associationdemarie.org\/blog\/wp-json\/wp\/v2\/posts"}],"about":[{"href":"https:\/\/www.associationdemarie.org\/blog\/wp-json\/wp\/v2\/types\/post"}],"author":[{"embeddable":true,"href":"https:\/\/www.associationdemarie.org\/blog\/wp-json\/wp\/v2\/users\/2"}],"replies":[{"embeddable":true,"href":"https:\/\/www.associationdemarie.org\/blog\/wp-json\/wp\/v2\/comments?post=12668"}],"version-history":[{"count":3,"href":"https:\/\/www.associationdemarie.org\/blog\/wp-json\/wp\/v2\/posts\/12668\/revisions"}],"predecessor-version":[{"id":12672,"href":"https:\/\/www.associationdemarie.org\/blog\/wp-json\/wp\/v2\/posts\/12668\/revisions\/12672"}],"wp:attachment":[{"href":"https:\/\/www.associationdemarie.org\/blog\/wp-json\/wp\/v2\/media?parent=12668"}],"wp:term":[{"taxonomy":"category","embeddable":true,"href":"https:\/\/www.associationdemarie.org\/blog\/wp-json\/wp\/v2\/categories?post=12668"},{"taxonomy":"post_tag","embeddable":true,"href":"https:\/\/www.associationdemarie.org\/blog\/wp-json\/wp\/v2\/tags?post=12668"}],"curies":[{"name":"wp","href":"https:\/\/api.w.org\/{rel}","templated":true}]}}