{"id":12660,"date":"2016-03-23T01:14:48","date_gmt":"2016-03-23T00:14:48","guid":{"rendered":"http:\/\/www.associationdemarie.org\/blog\/?p=12660"},"modified":"2016-03-02T16:16:58","modified_gmt":"2016-03-02T15:16:58","slug":"celui-qui-vient-de-se-servir-en-meme-temps-que-moi-celui-la-va-me-livrer","status":"publish","type":"post","link":"https:\/\/www.associationdemarie.org\/blog\/celui-qui-vient-de-se-servir-en-meme-temps-que-moi-celui-la-va-me-livrer\/","title":{"rendered":"\u00ab Celui qui vient de se servir en m\u00eame temps que moi, celui-l\u00e0 va me livrer. \u00bb"},"content":{"rendered":"<p><a href=\"https:\/\/www.associationdemarie.org\/blog\/wp-content\/uploads\/2016\/03\/243317.jpg\"><img loading=\"lazy\" decoding=\"async\" class=\"aligncenter size-full wp-image-12661\" src=\"https:\/\/www.associationdemarie.org\/blog\/wp-content\/uploads\/2016\/03\/243317.jpg\" alt=\"243317\" width=\"240\" height=\"344\" srcset=\"https:\/\/www.associationdemarie.org\/blog\/wp-content\/uploads\/2016\/03\/243317.jpg 240w, https:\/\/www.associationdemarie.org\/blog\/wp-content\/uploads\/2016\/03\/243317-209x300.jpg 209w\" sizes=\"auto, (max-width: 240px) 100vw, 240px\" \/><\/a><\/p>\n<p>Voyez de quelle compassion le Christ a fait preuve \u00e0 l&rsquo;\u00e9gard de Judas, l&rsquo;homme qui a re\u00e7u tant d&rsquo;amour et pourtant a trahi son propre Ma\u00eetre, ce Ma\u00eetre qui a gard\u00e9 un silence sacr\u00e9 sans le trahir aupr\u00e8s de ses compagnons. J\u00e9sus, en effet, aurait pu facilement parler ouvertement et dire aux autres les intentions cach\u00e9es de Judas et ses agissements ; mais non. Il a pr\u00e9f\u00e9r\u00e9 faire preuve de mis\u00e9ricorde et de charit\u00e9 ; au lieu de le condamner, il l&rsquo;a appel\u00e9 ami (Mt 26,50). Si seulement Judas avait regard\u00e9 J\u00e9sus dans les yeux comme Pierre l&rsquo;a fait (Lc 22,61), Judas aurait \u00e9t\u00e9 l&rsquo;ami de la mis\u00e9ricorde de Dieu. J\u00e9sus a toujours \u00e9prouv\u00e9 de la mis\u00e9ricorde.<\/p>\n<p>Bienheureuse Teresa de Calcutta (1910-1997), fondatrice des S\u0153urs Missionnaires de la Charit\u00e9<br \/>\nJesus, the Word to Be Spoken (trad. J\u00e9sus, celui qu&rsquo;on invoque, Nouvelle Cit\u00e9 1988, ch. 8)<\/p>\n<p>&nbsp;<\/p>\n<p>&nbsp;<\/p>\n<p>&nbsp;<\/p>\n","protected":false},"excerpt":{"rendered":"<p>Voyez de quelle compassion le Christ a fait preuve \u00e0 l&rsquo;\u00e9gard de Judas, l&rsquo;homme qui a re\u00e7u tant d&rsquo;amour et pourtant a trahi son propre Ma\u00eetre, ce Ma\u00eetre qui a gard\u00e9 un silence sacr\u00e9 sans le trahir aupr\u00e8s de ses compagnons. J\u00e9sus, en effet, aurait pu facilement parler ouvertement et dire aux autres les intentions [&hellip;]<\/p>\n","protected":false},"author":2,"featured_media":0,"comment_status":"closed","ping_status":"closed","sticky":false,"template":"","format":"standard","meta":{"footnotes":""},"categories":[3,13,1261,28],"tags":[152,184,191,220,550,777,1071],"class_list":["post-12660","post","type-post","status-publish","format-standard","hentry","category-liturgique","category-ecritures","category-enseignement-2","category-saints-et-saintes","tag-bienheureuse-therese-de-calcutta","tag-careme","tag-cene","tag-christ","tag-judas","tag-passion","tag-st-pierre"],"_links":{"self":[{"href":"https:\/\/www.associationdemarie.org\/blog\/wp-json\/wp\/v2\/posts\/12660","targetHints":{"allow":["GET"]}}],"collection":[{"href":"https:\/\/www.associationdemarie.org\/blog\/wp-json\/wp\/v2\/posts"}],"about":[{"href":"https:\/\/www.associationdemarie.org\/blog\/wp-json\/wp\/v2\/types\/post"}],"author":[{"embeddable":true,"href":"https:\/\/www.associationdemarie.org\/blog\/wp-json\/wp\/v2\/users\/2"}],"replies":[{"embeddable":true,"href":"https:\/\/www.associationdemarie.org\/blog\/wp-json\/wp\/v2\/comments?post=12660"}],"version-history":[{"count":1,"href":"https:\/\/www.associationdemarie.org\/blog\/wp-json\/wp\/v2\/posts\/12660\/revisions"}],"predecessor-version":[{"id":12662,"href":"https:\/\/www.associationdemarie.org\/blog\/wp-json\/wp\/v2\/posts\/12660\/revisions\/12662"}],"wp:attachment":[{"href":"https:\/\/www.associationdemarie.org\/blog\/wp-json\/wp\/v2\/media?parent=12660"}],"wp:term":[{"taxonomy":"category","embeddable":true,"href":"https:\/\/www.associationdemarie.org\/blog\/wp-json\/wp\/v2\/categories?post=12660"},{"taxonomy":"post_tag","embeddable":true,"href":"https:\/\/www.associationdemarie.org\/blog\/wp-json\/wp\/v2\/tags?post=12660"}],"curies":[{"name":"wp","href":"https:\/\/api.w.org\/{rel}","templated":true}]}}