{"id":12597,"date":"2016-02-28T08:05:43","date_gmt":"2016-02-28T07:05:43","guid":{"rendered":"http:\/\/www.associationdemarie.org\/blog\/?p=12597"},"modified":"2016-02-27T09:32:04","modified_gmt":"2016-02-27T08:32:04","slug":"careme-2016-jour-17","status":"publish","type":"post","link":"https:\/\/www.associationdemarie.org\/blog\/careme-2016-jour-17\/","title":{"rendered":"Car\u00eame 2016 &#8211; jour 17"},"content":{"rendered":"<p><iframe loading=\"lazy\" title=\"Pri\u00e8res des neuvaines pour Ardouane - neuvaine \u00e0 St Pio\" width=\"500\" height=\"281\" src=\"https:\/\/www.youtube.com\/embed\/wrxzYkG7jDg?feature=oembed\" frameborder=\"0\" allow=\"accelerometer; autoplay; clipboard-write; encrypted-media; gyroscope; picture-in-picture; web-share\" referrerpolicy=\"strict-origin-when-cross-origin\" allowfullscreen><\/iframe><\/p>\n<p>&nbsp;<\/p>\n<p>Deuxi\u00e8me jour de la neuvaine<\/p>\n<p><strong>Pri\u00e8re \u00e0 St Padre Pio (des neuvaines pour Ardouane)<\/strong><br \/>\nToi, qui as touch\u00e9 la sensibilit\u00e9 et la r\u00e9flexion humaines par ton chemin de croix terrestre, adresse \u00e0 notre P\u00e8re C\u00e9leste les suppliques de ses serviteurs aveugl\u00e9s et sourds \u00e0 la passion du Fils Notre Seigneur. Que le sang qui fut vers\u00e9 par ton corps serve \u00e0 notre \u00e9ducation et notre \u00e9volution pour la gloire de Marie M\u00e8re des hommes et pour que sa Demeure soit le d\u00f4me de la nouvelle chr\u00e9tient\u00e9. Par ton intercession, permets que nous soyons emplis d\u2019Amour et de Paix, et que soit lib\u00e9r\u00e9 de nos c\u0153urs l\u2019ostracisme s\u00e9culier. Fais que dans tout notre \u00eatre circule la douce chaleur de la compr\u00e9hension pascale. Que notre cause soit entendue et sanctifi\u00e9e par votre intercession et permette l\u2019affranchissement de ce monde au saint enseignement de la Parole Divine ; qu\u2019elle soit entendue et v\u00e9cue par les serviteurs de Dieu pour la r\u00e9alisation de la Maison Mariale.<\/p>\n","protected":false},"excerpt":{"rendered":"<p>&nbsp; Deuxi\u00e8me jour de la neuvaine Pri\u00e8re \u00e0 St Padre Pio (des neuvaines pour Ardouane) Toi, qui as touch\u00e9 la sensibilit\u00e9 et la r\u00e9flexion humaines par ton chemin de croix terrestre, adresse \u00e0 notre P\u00e8re C\u00e9leste les suppliques de ses serviteurs aveugl\u00e9s et sourds \u00e0 la passion du Fils Notre Seigneur. Que le sang qui [&hellip;]<\/p>\n","protected":false},"author":2,"featured_media":0,"comment_status":"closed","ping_status":"closed","sticky":false,"template":"","format":"standard","meta":{"footnotes":""},"categories":[17,27,28],"tags":[184,1384,712,763,1067,1183],"class_list":["post-12597","post","type-post","status-publish","format-standard","hentry","category-maison-de-marie-dardouane","category-prieres","category-saints-et-saintes","tag-careme","tag-maison-de-marie-dardouane","tag-neuvaine","tag-paques","tag-st-padre-pio","tag-video"],"_links":{"self":[{"href":"https:\/\/www.associationdemarie.org\/blog\/wp-json\/wp\/v2\/posts\/12597","targetHints":{"allow":["GET"]}}],"collection":[{"href":"https:\/\/www.associationdemarie.org\/blog\/wp-json\/wp\/v2\/posts"}],"about":[{"href":"https:\/\/www.associationdemarie.org\/blog\/wp-json\/wp\/v2\/types\/post"}],"author":[{"embeddable":true,"href":"https:\/\/www.associationdemarie.org\/blog\/wp-json\/wp\/v2\/users\/2"}],"replies":[{"embeddable":true,"href":"https:\/\/www.associationdemarie.org\/blog\/wp-json\/wp\/v2\/comments?post=12597"}],"version-history":[{"count":1,"href":"https:\/\/www.associationdemarie.org\/blog\/wp-json\/wp\/v2\/posts\/12597\/revisions"}],"predecessor-version":[{"id":12598,"href":"https:\/\/www.associationdemarie.org\/blog\/wp-json\/wp\/v2\/posts\/12597\/revisions\/12598"}],"wp:attachment":[{"href":"https:\/\/www.associationdemarie.org\/blog\/wp-json\/wp\/v2\/media?parent=12597"}],"wp:term":[{"taxonomy":"category","embeddable":true,"href":"https:\/\/www.associationdemarie.org\/blog\/wp-json\/wp\/v2\/categories?post=12597"},{"taxonomy":"post_tag","embeddable":true,"href":"https:\/\/www.associationdemarie.org\/blog\/wp-json\/wp\/v2\/tags?post=12597"}],"curies":[{"name":"wp","href":"https:\/\/api.w.org\/{rel}","templated":true}]}}