{"id":12591,"date":"2016-03-13T01:59:32","date_gmt":"2016-03-13T00:59:32","guid":{"rendered":"http:\/\/www.associationdemarie.org\/blog\/?p=12591"},"modified":"2016-02-25T18:03:17","modified_gmt":"2016-02-25T17:03:17","slug":"evangile-de-jesus-christ-selon-saint-jean-81-11-2","status":"publish","type":"post","link":"https:\/\/www.associationdemarie.org\/blog\/evangile-de-jesus-christ-selon-saint-jean-81-11-2\/","title":{"rendered":"\u00c9vangile de J\u00e9sus Christ selon saint Jean 8,1-11."},"content":{"rendered":"<p>En ce temps-l\u00e0, J\u00e9sus s\u2019en alla au mont des Oliviers.<br \/>\nD\u00e8s l\u2019aurore, il retourna au Temple. Comme tout le peuple venait \u00e0 lui, il s\u2019assit et se mit \u00e0 enseigner.<br \/>\nLes scribes et les pharisiens lui am\u00e8nent une femme qu\u2019on avait surprise en situation d\u2019adult\u00e8re. Ils la mettent au milieu,<br \/>\net disent \u00e0 J\u00e9sus : \u00ab Ma\u00eetre, cette femme a \u00e9t\u00e9 surprise en flagrant d\u00e9lit d\u2019adult\u00e8re.<br \/>\nOr, dans la Loi, Mo\u00efse nous a ordonn\u00e9 de lapider ces femmes-l\u00e0. Et toi, que dis-tu ? \u00bb<br \/>\nIls parlaient ainsi pour le mettre \u00e0 l\u2019\u00e9preuve, afin de pouvoir l\u2019accuser. Mais J\u00e9sus s\u2019\u00e9tait baiss\u00e9 et, du doigt, il \u00e9crivait sur la terre.<br \/>\nComme on persistait \u00e0 l\u2019interroger, il se redressa et leur dit : \u00ab Celui d\u2019entre vous qui est sans p\u00e9ch\u00e9, qu\u2019il soit le premier \u00e0 lui jeter une pierre. \u00bb<br \/>\nIl se baissa de nouveau et il \u00e9crivait sur la terre.<br \/>\nEux, apr\u00e8s avoir entendu cela, s\u2019en allaient un par un, en commen\u00e7ant par les plus \u00e2g\u00e9s. J\u00e9sus resta seul avec la femme toujours l\u00e0 au milieu.<br \/>\nIl se redressa et lui demanda : \u00ab Femme, o\u00f9 sont-ils donc ? Personne ne t\u2019a condamn\u00e9e ? \u00bb<br \/>\nElle r\u00e9pondit : \u00ab Personne, Seigneur. \u00bb Et J\u00e9sus lui dit : \u00ab Moi non plus, je ne te condamne pas. Va, et d\u00e9sormais ne p\u00e8che plus. \u00bb<\/p>\n<p><a href=\"https:\/\/www.associationdemarie.org\/blog\/wp-content\/uploads\/2016\/02\/vbE9LS7BGk9CjQrnPHGi445qYyI1.png\"><img loading=\"lazy\" decoding=\"async\" class=\"aligncenter  wp-image-12592\" src=\"https:\/\/www.associationdemarie.org\/blog\/wp-content\/uploads\/2016\/02\/vbE9LS7BGk9CjQrnPHGi445qYyI1.png\" alt=\"vbE9LS7BGk9CjQrnPHGi445qYyI\" width=\"570\" height=\"268\" srcset=\"https:\/\/www.associationdemarie.org\/blog\/wp-content\/uploads\/2016\/02\/vbE9LS7BGk9CjQrnPHGi445qYyI1.png 850w, https:\/\/www.associationdemarie.org\/blog\/wp-content\/uploads\/2016\/02\/vbE9LS7BGk9CjQrnPHGi445qYyI1-300x141.png 300w\" sizes=\"auto, (max-width: 570px) 100vw, 570px\" \/><\/a><\/p>\n<p>Mon Dieu qui aimes pardonner, mon Cr\u00e9ateur,<br \/>\nfais grandir sur moi l&rsquo;\u00e9clat de ta lumi\u00e8re inaccessible<br \/>\npour emplir mon c\u0153ur de joie.<br \/>\nNe t&rsquo;irrite pas ; ne m&rsquo;abandonne pas !<br \/>\nMais fais resplendir mon \u00e2me de ta lumi\u00e8re,<br \/>\ncar ta lumi\u00e8re, mon Dieu, c&rsquo;est toi&#8230;<\/p>\n<p>Je me suis \u00e9cart\u00e9 de la route droite, de la route divine,<br \/>\net je suis tomb\u00e9 lamentablement de la gloire qui m&rsquo;avait \u00e9t\u00e9 donn\u00e9e.<br \/>\nJ&rsquo;ai \u00e9t\u00e9 d\u00e9pouill\u00e9 de la robe lumineuse, la robe divine,<br \/>\net, tomb\u00e9 dans les t\u00e9n\u00e8bres, je gis maintenant dans les t\u00e9n\u00e8bres,<br \/>\net je ne sais pas que je suis priv\u00e9 de lumi\u00e8re&#8230;<br \/>\nCar si tu as brill\u00e9 d&rsquo;en haut, si tu es apparu dans l&rsquo;obscurit\u00e9,<br \/>\nsi tu es venu dans le monde, \u00f4 Mis\u00e9ricordieux,<br \/>\nsi tu as voulu vivre avec les hommes,<br \/>\nselon notre condition, par amour pour l&rsquo;homme,<br \/>\nsi&#8230;tu t&rsquo;es dit la Lumi\u00e8re du monde (Jn 8,12)<br \/>\net que nous, nous ne te voyons pas,<br \/>\nn&rsquo;est-ce pas que nous sommes totalement aveugles<br \/>\net plus malheureux que des aveugles, \u00f4 mon Christ ?&#8230;<\/p>\n<p>Mais toi, qui es tous les biens, tu les donnes sans cesse<br \/>\n\u00e0 tes serviteurs, \u00e0 ceux qui voient ta lumi\u00e8re&#8230;<br \/>\nQui te poss\u00e8de, r\u00e9ellement poss\u00e8de en toi toute chose.<br \/>\nQue je ne sois pas priv\u00e9 de toi, Ma\u00eetre ! que je ne sois pas priv\u00e9 de toi, Cr\u00e9ateur !<br \/>\nQue je ne sois pas priv\u00e9 de toi, Mis\u00e9ricordieux, moi l&rsquo;humble \u00e9tranger&#8230;<br \/>\nJe t&rsquo;en prie, place-moi avec toi,<br \/>\nm\u00eame si j&rsquo;ai multipli\u00e9 les p\u00e9ch\u00e9s plus que tous les hommes.<br \/>\nRe\u00e7ois ma pri\u00e8re comme celle du publicain (Lc 18,13),<br \/>\ncomme celle de la prostitu\u00e9e, Ma\u00eetre, m\u00eame si je ne pleure pas comme elle (Lc 7,38)&#8230;<br \/>\nN&rsquo;es-tu pas source de piti\u00e9, fontaine de mis\u00e9ricorde<br \/>\net fleuve de bont\u00e9 : \u00e0 ce titre, aie piti\u00e9 de moi !<br \/>\nOui, toi qui as eu les mains, toi qui as eu les pieds clou\u00e9s sur la croix,<br \/>\net ton c\u00f4t\u00e9 perc\u00e9 par la lance, Tr\u00e8s Compatissant,<br \/>\naie piti\u00e9 de moi et arrache-moi au feu \u00e9ternel&#8230;<br \/>\nQu&rsquo;en ce jour je me tienne sans condamnation devant toi<br \/>\npour \u00eatre accueilli dans ta salle des noces<br \/>\no\u00f9 je partagerai ton bonheur, mon bon Ma\u00eetre,<br \/>\ndans la joie inexprimable, pour tous les si\u00e8cles. Amen.<\/p>\n<p>Sym\u00e9on le Nouveau Th\u00e9ologien (v. 949-1022), moine grec<br \/>\nHymne 45; SC 196 (trad. SC p. 103s rev.)<\/p>\n<p>&nbsp;<\/p>\n<p><iframe loading=\"lazy\" title=\"You Raise Me Up\" width=\"500\" height=\"375\" src=\"https:\/\/www.youtube.com\/embed\/sza4rh1YzsM?feature=oembed\" frameborder=\"0\" allow=\"accelerometer; autoplay; clipboard-write; encrypted-media; gyroscope; picture-in-picture; web-share\" referrerpolicy=\"strict-origin-when-cross-origin\" allowfullscreen><\/iframe><\/p>\n<p>&nbsp;<\/p>\n<p>&nbsp;<\/p>\n","protected":false},"excerpt":{"rendered":"<p>En ce temps-l\u00e0, J\u00e9sus s\u2019en alla au mont des Oliviers. D\u00e8s l\u2019aurore, il retourna au Temple. Comme tout le peuple venait \u00e0 lui, il s\u2019assit et se mit \u00e0 enseigner. Les scribes et les pharisiens lui am\u00e8nent une femme qu\u2019on avait surprise en situation d\u2019adult\u00e8re. Ils la mettent au milieu, et disent \u00e0 J\u00e9sus : [&hellip;]<\/p>\n","protected":false},"author":2,"featured_media":0,"comment_status":"closed","ping_status":"closed","sticky":false,"template":"","format":"standard","meta":{"footnotes":""},"categories":[3,13,1261,27,28],"tags":[389,403,678,831,1041,1119],"class_list":["post-12591","post","type-post","status-publish","format-standard","hentry","category-liturgique","category-ecritures","category-enseignement-2","category-prieres","category-saints-et-saintes","tag-evangile","tag-femme-adultere","tag-misericorde","tag-priere-et-chant","tag-st-jean","tag-symeon"],"_links":{"self":[{"href":"https:\/\/www.associationdemarie.org\/blog\/wp-json\/wp\/v2\/posts\/12591","targetHints":{"allow":["GET"]}}],"collection":[{"href":"https:\/\/www.associationdemarie.org\/blog\/wp-json\/wp\/v2\/posts"}],"about":[{"href":"https:\/\/www.associationdemarie.org\/blog\/wp-json\/wp\/v2\/types\/post"}],"author":[{"embeddable":true,"href":"https:\/\/www.associationdemarie.org\/blog\/wp-json\/wp\/v2\/users\/2"}],"replies":[{"embeddable":true,"href":"https:\/\/www.associationdemarie.org\/blog\/wp-json\/wp\/v2\/comments?post=12591"}],"version-history":[{"count":1,"href":"https:\/\/www.associationdemarie.org\/blog\/wp-json\/wp\/v2\/posts\/12591\/revisions"}],"predecessor-version":[{"id":12593,"href":"https:\/\/www.associationdemarie.org\/blog\/wp-json\/wp\/v2\/posts\/12591\/revisions\/12593"}],"wp:attachment":[{"href":"https:\/\/www.associationdemarie.org\/blog\/wp-json\/wp\/v2\/media?parent=12591"}],"wp:term":[{"taxonomy":"category","embeddable":true,"href":"https:\/\/www.associationdemarie.org\/blog\/wp-json\/wp\/v2\/categories?post=12591"},{"taxonomy":"post_tag","embeddable":true,"href":"https:\/\/www.associationdemarie.org\/blog\/wp-json\/wp\/v2\/tags?post=12591"}],"curies":[{"name":"wp","href":"https:\/\/api.w.org\/{rel}","templated":true}]}}