{"id":12584,"date":"2016-03-11T01:50:29","date_gmt":"2016-03-11T00:50:29","guid":{"rendered":"http:\/\/www.associationdemarie.org\/blog\/?p=12584"},"modified":"2016-03-20T19:18:25","modified_gmt":"2016-03-20T18:18:25","slug":"jesus-monta-a-la-fete-lui-aussi-mais-en-secret","status":"publish","type":"post","link":"https:\/\/www.associationdemarie.org\/blog\/jesus-monta-a-la-fete-lui-aussi-mais-en-secret\/","title":{"rendered":"\u00ab J\u00e9sus monta \u00e0 la f\u00eate lui aussi&#8230;, mais en secret. \u00bb"},"content":{"rendered":"<p><a href=\"https:\/\/www.associationdemarie.org\/blog\/wp-content\/uploads\/2016\/02\/Vie-eternelle.jpg\"><img loading=\"lazy\" decoding=\"async\" class=\"aligncenter size-full wp-image-12585\" src=\"https:\/\/www.associationdemarie.org\/blog\/wp-content\/uploads\/2016\/02\/Vie-eternelle.jpg\" alt=\"Sitting on breakaway\" width=\"400\" height=\"300\" \/><\/a><\/p>\n<p>J\u00e9sus disait : \u00ab Mon temps n&rsquo;est pas encore venu, tandis que le v\u00f4tre est toujours pr\u00eat&#8230; Vous, montez \u00e0 la f\u00eate ; moi, je ne monte pas \u00e0 cette f\u00eate, parce que mon temps n&rsquo;est pas encore accompli \u00bb (Jn 7,6-8). Qu&rsquo;est-ce donc que cette f\u00eate \u00e0 laquelle notre Seigneur nous dit de monter et dont le temps est \u00e0 tout instant ? La f\u00eate la plus \u00e9lev\u00e9e et la plus vraie, la f\u00eate supr\u00eame, est la f\u00eate de la vie \u00e9ternelle, c&rsquo;est-\u00e0-dire la f\u00e9licit\u00e9 \u00e9ternelle o\u00f9 nous serons vraiment face \u00e0 face avec Dieu. Cela, nous ne pouvons pas l&rsquo;avoir ici-bas, mais la f\u00eate que nous pouvons avoir, c&rsquo;est un avant-go\u00fbt de celle-l\u00e0, une exp\u00e9rience de la pr\u00e9sence de Dieu dans l&rsquo;esprit par la jouissance int\u00e9rieure que nous en donne un sentiment tout intime. Le temps qui est toujours n\u00f4tre, c&rsquo;est celui de chercher Dieu et de poursuivre le sentiment de sa pr\u00e9sence dans toutes nos \u0153uvres, notre vie, notre vouloir et notre amour. C&rsquo;est ainsi que nous devons nous \u00e9lever au-dessus de nous-m\u00eames et de tout ce qui n&rsquo;est pas Dieu, ne voulant et n&rsquo;aimant que lui seul, en toute puret\u00e9, et rien autre chose. Ce temps est de tous les instants.<\/p>\n<p>Ce vrai temps de f\u00eate de la vie \u00e9ternelle, tout le monde le d\u00e9sire, d&rsquo;un d\u00e9sir de nature, car tous les hommes veulent naturellement \u00eatre heureux. Mais d\u00e9sirer ne suffit pas. C&rsquo;est pour lui-m\u00eame que nous devons poursuivre Dieu et le chercher lui-m\u00eame. L&rsquo;avant-go\u00fbt du vrai et grand jour de f\u00eate, beaucoup de gens aimeraient bien l&rsquo;avoir et ils se plaignent qu&rsquo;il ne leur est pas donn\u00e9. Quand dans la pri\u00e8re ils ne font pas l&rsquo;exp\u00e9rience, au fond d&rsquo;eux-m\u00eames, d&rsquo;un jour de f\u00eate et ne sentent pas la pr\u00e9sence de Dieu, cela les chagrine. Ils prient d&rsquo;autant moins et le font avec mauvaise humeur, disant qu&rsquo;ils ne sentent pas Dieu et que c&rsquo;est pour cela que l&rsquo;action et la pri\u00e8re les contrarient. Voil\u00e0 ce que l&rsquo;homme ne doit jamais faire. Nous ne devons jamais faire aucune \u0153uvre avec un z\u00e8le refroidi, car Dieu est toujours l\u00e0 pr\u00e9sent, et m\u00eame si nous ne le sentons pas, il est cependant entr\u00e9 secr\u00e8tement pour la f\u00eate.<\/p>\n<p>Jean Tauler (v. 1300-1361), dominicain \u00e0 Strasbourg<br \/>\nSermon 12, pour le mardi avant les Rameaux (trad. Cerf 1991, p. 44 rev.)<\/p>\n<p>&nbsp;<\/p>\n<p>&nbsp;<\/p>\n<p>&nbsp;<\/p>\n","protected":false},"excerpt":{"rendered":"<p>J\u00e9sus disait : \u00ab Mon temps n&rsquo;est pas encore venu, tandis que le v\u00f4tre est toujours pr\u00eat&#8230; Vous, montez \u00e0 la f\u00eate ; moi, je ne monte pas \u00e0 cette f\u00eate, parce que mon temps n&rsquo;est pas encore accompli \u00bb (Jn 7,6-8). Qu&rsquo;est-ce donc que cette f\u00eate \u00e0 laquelle notre Seigneur nous dit de monter [&hellip;]<\/p>\n","protected":false},"author":2,"featured_media":0,"comment_status":"closed","ping_status":"closed","sticky":false,"template":"","format":"standard","meta":{"footnotes":""},"categories":[3,13,1261],"tags":[1382,407,526,535,1187],"class_list":["post-12584","post","type-post","status-publish","format-standard","hentry","category-liturgique","category-ecritures","category-enseignement-2","tag-ecritures","tag-fete","tag-jean-tauler","tag-jesus","tag-vie-eternelle"],"_links":{"self":[{"href":"https:\/\/www.associationdemarie.org\/blog\/wp-json\/wp\/v2\/posts\/12584","targetHints":{"allow":["GET"]}}],"collection":[{"href":"https:\/\/www.associationdemarie.org\/blog\/wp-json\/wp\/v2\/posts"}],"about":[{"href":"https:\/\/www.associationdemarie.org\/blog\/wp-json\/wp\/v2\/types\/post"}],"author":[{"embeddable":true,"href":"https:\/\/www.associationdemarie.org\/blog\/wp-json\/wp\/v2\/users\/2"}],"replies":[{"embeddable":true,"href":"https:\/\/www.associationdemarie.org\/blog\/wp-json\/wp\/v2\/comments?post=12584"}],"version-history":[{"count":1,"href":"https:\/\/www.associationdemarie.org\/blog\/wp-json\/wp\/v2\/posts\/12584\/revisions"}],"predecessor-version":[{"id":12586,"href":"https:\/\/www.associationdemarie.org\/blog\/wp-json\/wp\/v2\/posts\/12584\/revisions\/12586"}],"wp:attachment":[{"href":"https:\/\/www.associationdemarie.org\/blog\/wp-json\/wp\/v2\/media?parent=12584"}],"wp:term":[{"taxonomy":"category","embeddable":true,"href":"https:\/\/www.associationdemarie.org\/blog\/wp-json\/wp\/v2\/categories?post=12584"},{"taxonomy":"post_tag","embeddable":true,"href":"https:\/\/www.associationdemarie.org\/blog\/wp-json\/wp\/v2\/tags?post=12584"}],"curies":[{"name":"wp","href":"https:\/\/api.w.org\/{rel}","templated":true}]}}