{"id":1257,"date":"2010-07-28T01:18:09","date_gmt":"2010-07-28T01:18:09","guid":{"rendered":"http:\/\/preprod.meltem-int.com\/marie\/blog\/?p=1257"},"modified":"2010-07-28T01:18:09","modified_gmt":"2010-07-28T01:18:09","slug":"ble-et-epeautre","status":"publish","type":"post","link":"https:\/\/www.associationdemarie.org\/blog\/ble-et-epeautre\/","title":{"rendered":"Bl\u00e9 et \u00e9peautre"},"content":{"rendered":"<p><em>Le bl\u00e9 et l&rsquo;\u00c9peautre ne furent point frapp\u00e9s, parce qu&rsquo;ils \u00e9taient cach\u00e9s.<\/em> (Ex.9, 32)<\/p>\n<p><a href=\"https:\/\/www.associationdemarie.org\/blog\/wp-content\/uploads\/2010\/07\/epeautre.jpg\"><img loading=\"lazy\" decoding=\"async\" class=\"alignright size-full wp-image-1258\" title=\"epeautre\" src=\"https:\/\/www.associationdemarie.org\/blog\/wp-content\/uploads\/2010\/07\/epeautre.jpg\" alt=\"\" width=\"220\" height=\"221\" srcset=\"https:\/\/www.associationdemarie.org\/blog\/wp-content\/uploads\/2010\/07\/epeautre.jpg 220w, https:\/\/www.associationdemarie.org\/blog\/wp-content\/uploads\/2010\/07\/epeautre-150x150.jpg 150w\" sizes=\"auto, (max-width: 220px) 100vw, 220px\" \/><\/a>Les commentateurs ont eu beaucoup de peine \u00e0 pr\u00e9ciser la plante d\u00e9sign\u00e9e ici, bien qu&rsquo;il soit \u00e9videmment question d&rsquo;une plante cultiv\u00e9e en \u00c9gypte. Dans Esa\u00efe (<a href=\"http:\/\/www.regard.eu.org\/0Bible.Segond\/Esaie26-30.html#28.25\"><span style=\"text-decoration: underline;\">XXVIII, 25<\/span><\/a>) nous voyons qu&rsquo;elle l&rsquo;\u00e9tait aussi en Palestine. L&rsquo;\u00c9peautre ayant longtemps servi de nourriture aux anciens \u00c9gyptiens et \u00e0 quelques peuples de la Syrie, il est tr\u00e8s probable que c&rsquo;est de lui qu&rsquo;il est parl\u00e9 ici.?L&rsquo;\u00c9peautre (Triticum Spelta) est une esp\u00e8ce de bl\u00e9 distincte du froment ordinaire, \u00e0 grosses tiges et \u00e0 forts \u00e9pis. Le pain fait avec sa farine est tr\u00e8s inf\u00e9rieur \u00e0 celui de froment. Cette c\u00e9r\u00e9ale est commune dans plusieurs parties de la Suisse et de l&rsquo;Allemagne. Ce qui la recommande surtout, c&rsquo;est qu&rsquo;elle r\u00e9ussit dans presque tous les terrains.<\/p>\n","protected":false},"excerpt":{"rendered":"<p>Le bl\u00e9 et l&rsquo;\u00c9peautre ne furent point frapp\u00e9s, parce qu&rsquo;ils \u00e9taient cach\u00e9s. (Ex.9, 32) Les commentateurs ont eu beaucoup de peine \u00e0 pr\u00e9ciser la plante d\u00e9sign\u00e9e ici, bien qu&rsquo;il soit \u00e9videmment question d&rsquo;une plante cultiv\u00e9e en \u00c9gypte. Dans Esa\u00efe (XXVIII, 25) nous voyons qu&rsquo;elle l&rsquo;\u00e9tait aussi en Palestine. L&rsquo;\u00c9peautre ayant longtemps servi de nourriture aux [&hellip;]<\/p>\n","protected":false},"author":2,"featured_media":0,"comment_status":"closed","ping_status":"closed","sticky":false,"template":"","format":"standard","meta":{"footnotes":""},"categories":[13,16],"tags":[162,341,361,394,754,759,1121],"class_list":["post-1257","post","type-post","status-publish","format-standard","hentry","category-ecritures","category-jardins-de-la-bible","tag-ble","tag-egypte","tag-epeautre","tag-exode","tag-pain","tag-palestine","tag-syrie"],"_links":{"self":[{"href":"https:\/\/www.associationdemarie.org\/blog\/wp-json\/wp\/v2\/posts\/1257","targetHints":{"allow":["GET"]}}],"collection":[{"href":"https:\/\/www.associationdemarie.org\/blog\/wp-json\/wp\/v2\/posts"}],"about":[{"href":"https:\/\/www.associationdemarie.org\/blog\/wp-json\/wp\/v2\/types\/post"}],"author":[{"embeddable":true,"href":"https:\/\/www.associationdemarie.org\/blog\/wp-json\/wp\/v2\/users\/2"}],"replies":[{"embeddable":true,"href":"https:\/\/www.associationdemarie.org\/blog\/wp-json\/wp\/v2\/comments?post=1257"}],"version-history":[{"count":0,"href":"https:\/\/www.associationdemarie.org\/blog\/wp-json\/wp\/v2\/posts\/1257\/revisions"}],"wp:attachment":[{"href":"https:\/\/www.associationdemarie.org\/blog\/wp-json\/wp\/v2\/media?parent=1257"}],"wp:term":[{"taxonomy":"category","embeddable":true,"href":"https:\/\/www.associationdemarie.org\/blog\/wp-json\/wp\/v2\/categories?post=1257"},{"taxonomy":"post_tag","embeddable":true,"href":"https:\/\/www.associationdemarie.org\/blog\/wp-json\/wp\/v2\/tags?post=1257"}],"curies":[{"name":"wp","href":"https:\/\/api.w.org\/{rel}","templated":true}]}}