{"id":12545,"date":"2016-03-07T01:32:22","date_gmt":"2016-03-07T00:32:22","guid":{"rendered":"http:\/\/www.associationdemarie.org\/blog\/?p=12545"},"modified":"2016-02-19T08:51:59","modified_gmt":"2016-02-19T07:51:59","slug":"livre-disaie-6517-21","status":"publish","type":"post","link":"https:\/\/www.associationdemarie.org\/blog\/livre-disaie-6517-21\/","title":{"rendered":"Livre d&rsquo;Isa\u00efe 65,17-21."},"content":{"rendered":"<p><a href=\"https:\/\/www.associationdemarie.org\/blog\/wp-content\/uploads\/2016\/02\/What-Does-The-Bible-Say-About-The-New-Jerusalem.jpg\"><img loading=\"lazy\" decoding=\"async\" class=\"aligncenter size-full wp-image-12546\" src=\"https:\/\/www.associationdemarie.org\/blog\/wp-content\/uploads\/2016\/02\/What-Does-The-Bible-Say-About-The-New-Jerusalem.jpg\" alt=\"What-Does-The-Bible-Say-About-The-New-Jerusalem\" width=\"480\" height=\"300\" srcset=\"https:\/\/www.associationdemarie.org\/blog\/wp-content\/uploads\/2016\/02\/What-Does-The-Bible-Say-About-The-New-Jerusalem.jpg 480w, https:\/\/www.associationdemarie.org\/blog\/wp-content\/uploads\/2016\/02\/What-Does-The-Bible-Say-About-The-New-Jerusalem-300x188.jpg 300w\" sizes=\"auto, (max-width: 480px) 100vw, 480px\" \/><\/a><\/p>\n<p>Ainsi parle le Seigneur : Oui, voici : je vais cr\u00e9er un ciel nouveau et une terre nouvelle, on ne se souviendra plus du pass\u00e9, il ne reviendra plus \u00e0 l\u2019esprit.<br \/>\nSoyez plut\u00f4t dans la joie, exultez sans fin pour ce que je cr\u00e9e. Car je vais recr\u00e9er J\u00e9rusalem, pour qu\u2019elle soit exultation, et que son peuple devienne joie.<br \/>\nJ\u2019exulterai en J\u00e9rusalem, je trouverai ma joie dans mon peuple. On n\u2019y entendra plus de pleurs ni de cris.<br \/>\nL\u00e0, plus de nourrisson emport\u00e9 en quelques jours, ni d\u2019homme qui ne parvienne au bout de sa vieillesse ; le plus jeune mourra centenaire, ne pas atteindre cent ans sera mal\u00e9diction.<br \/>\nOn b\u00e2tira des maisons, on y habitera ; on plantera des vignes, on mangera leurs fruits.<\/p>\n<p>&nbsp;<\/p>\n<p>&nbsp;<\/p>\n<p>&nbsp;<\/p>\n<p>&nbsp;<\/p>\n","protected":false},"excerpt":{"rendered":"<p>Ainsi parle le Seigneur : Oui, voici : je vais cr\u00e9er un ciel nouveau et une terre nouvelle, on ne se souviendra plus du pass\u00e9, il ne reviendra plus \u00e0 l\u2019esprit. Soyez plut\u00f4t dans la joie, exultez sans fin pour ce que je cr\u00e9e. Car je vais recr\u00e9er J\u00e9rusalem, pour qu\u2019elle soit exultation, et que [&hellip;]<\/p>\n","protected":false},"author":2,"featured_media":0,"comment_status":"closed","ping_status":"closed","sticky":false,"template":"","format":"standard","meta":{"footnotes":""},"categories":[3,13,1261,16,28],"tags":[510,725,967],"class_list":["post-12545","post","type-post","status-publish","format-standard","hentry","category-liturgique","category-ecritures","category-enseignement-2","category-jardins-de-la-bible","category-saints-et-saintes","tag-isaie","tag-nouvelle-jerusalem","tag-seigneur"],"_links":{"self":[{"href":"https:\/\/www.associationdemarie.org\/blog\/wp-json\/wp\/v2\/posts\/12545","targetHints":{"allow":["GET"]}}],"collection":[{"href":"https:\/\/www.associationdemarie.org\/blog\/wp-json\/wp\/v2\/posts"}],"about":[{"href":"https:\/\/www.associationdemarie.org\/blog\/wp-json\/wp\/v2\/types\/post"}],"author":[{"embeddable":true,"href":"https:\/\/www.associationdemarie.org\/blog\/wp-json\/wp\/v2\/users\/2"}],"replies":[{"embeddable":true,"href":"https:\/\/www.associationdemarie.org\/blog\/wp-json\/wp\/v2\/comments?post=12545"}],"version-history":[{"count":1,"href":"https:\/\/www.associationdemarie.org\/blog\/wp-json\/wp\/v2\/posts\/12545\/revisions"}],"predecessor-version":[{"id":12547,"href":"https:\/\/www.associationdemarie.org\/blog\/wp-json\/wp\/v2\/posts\/12545\/revisions\/12547"}],"wp:attachment":[{"href":"https:\/\/www.associationdemarie.org\/blog\/wp-json\/wp\/v2\/media?parent=12545"}],"wp:term":[{"taxonomy":"category","embeddable":true,"href":"https:\/\/www.associationdemarie.org\/blog\/wp-json\/wp\/v2\/categories?post=12545"},{"taxonomy":"post_tag","embeddable":true,"href":"https:\/\/www.associationdemarie.org\/blog\/wp-json\/wp\/v2\/tags?post=12545"}],"curies":[{"name":"wp","href":"https:\/\/api.w.org\/{rel}","templated":true}]}}