{"id":1253,"date":"2010-07-26T06:56:20","date_gmt":"2010-07-26T06:56:20","guid":{"rendered":"http:\/\/preprod.meltem-int.com\/marie\/blog\/?p=1253"},"modified":"2010-07-26T06:56:20","modified_gmt":"2010-07-26T06:56:20","slug":"sainte-anne","status":"publish","type":"post","link":"https:\/\/www.associationdemarie.org\/blog\/sainte-anne\/","title":{"rendered":"Sainte Anne"},"content":{"rendered":"<h4>\n<figure id=\"attachment_1254\" aria-describedby=\"caption-attachment-1254\" style=\"width: 200px\" class=\"wp-caption alignleft\"><a href=\"https:\/\/www.associationdemarie.org\/blog\/wp-content\/uploads\/2010\/07\/ste_anne_sans_agrandissements_c2rmf_jl_bellec.jpg\"><img loading=\"lazy\" decoding=\"async\" class=\"size-medium wp-image-1254 \" title=\"Ste Anne\" src=\"https:\/\/www.associationdemarie.org\/blog\/wp-content\/uploads\/2010\/07\/ste_anne_sans_agrandissements_c2rmf_jl_bellec-200x300.jpg\" alt=\"\" width=\"200\" height=\"300\" srcset=\"https:\/\/www.associationdemarie.org\/blog\/wp-content\/uploads\/2010\/07\/ste_anne_sans_agrandissements_c2rmf_jl_bellec-200x300.jpg 200w, https:\/\/www.associationdemarie.org\/blog\/wp-content\/uploads\/2010\/07\/ste_anne_sans_agrandissements_c2rmf_jl_bellec.jpg 358w\" sizes=\"auto, (max-width: 200px) 100vw, 200px\" \/><\/a><figcaption id=\"caption-attachment-1254\" class=\"wp-caption-text\">La Vierge avec l&#39;Enfant J\u00e9sus et Ste Anne - L\u00e9onard De Vinci<\/figcaption><\/figure>\n<p>Anne et Joachim, parents de Marie<\/h4>\n<p>La m\u00e8re de la Vierge Marie \u00e9tait de la tribu de Juda et de la lign\u00e9e royale de David. Anne et Joachim, son \u00e9poux, lui aussi de la tribu de Juda, \u00e9taient riches et poss\u00e9daient de grands troupeaux. Ils menaient une vie sainte, mais malgr\u00e9 leurs pri\u00e8res ferventes, n&rsquo;avaient malheureusement pas d&rsquo;enfant. C&rsquo;\u00e9tait pour les Juifs la pire des mal\u00e9dictions et elle valut \u00e0 Joachim de voir refus\u00e9e l&rsquo;offrande qu&rsquo;il portait au temple. Enfin, apr\u00e8s bien des pri\u00e8res et des humiliations, ils sont exauc\u00e9s\u00a0: Marie, m\u00e8re de Dieu est con\u00e7ue et sa conception est immacul\u00e9e.<\/p>\n","protected":false},"excerpt":{"rendered":"<p>Anne et Joachim, parents de Marie La m\u00e8re de la Vierge Marie \u00e9tait de la tribu de Juda et de la lign\u00e9e royale de David. Anne et Joachim, son \u00e9poux, lui aussi de la tribu de Juda, \u00e9taient riches et poss\u00e9daient de grands troupeaux. Ils menaient une vie sainte, mais malgr\u00e9 leurs pri\u00e8res ferventes, n&rsquo;avaient [&hellip;]<\/p>\n","protected":false},"author":2,"featured_media":0,"comment_status":"closed","ping_status":"closed","sticky":false,"template":"","format":"standard","meta":{"footnotes":""},"categories":[3,4,28],"tags":[535,577,1041,1086],"class_list":["post-1253","post","type-post","status-publish","format-standard","hentry","category-liturgique","category-iconographie","category-saints-et-saintes","tag-jesus","tag-leonard-de-vinci","tag-st-jean","tag-ste-anne"],"_links":{"self":[{"href":"https:\/\/www.associationdemarie.org\/blog\/wp-json\/wp\/v2\/posts\/1253","targetHints":{"allow":["GET"]}}],"collection":[{"href":"https:\/\/www.associationdemarie.org\/blog\/wp-json\/wp\/v2\/posts"}],"about":[{"href":"https:\/\/www.associationdemarie.org\/blog\/wp-json\/wp\/v2\/types\/post"}],"author":[{"embeddable":true,"href":"https:\/\/www.associationdemarie.org\/blog\/wp-json\/wp\/v2\/users\/2"}],"replies":[{"embeddable":true,"href":"https:\/\/www.associationdemarie.org\/blog\/wp-json\/wp\/v2\/comments?post=1253"}],"version-history":[{"count":0,"href":"https:\/\/www.associationdemarie.org\/blog\/wp-json\/wp\/v2\/posts\/1253\/revisions"}],"wp:attachment":[{"href":"https:\/\/www.associationdemarie.org\/blog\/wp-json\/wp\/v2\/media?parent=1253"}],"wp:term":[{"taxonomy":"category","embeddable":true,"href":"https:\/\/www.associationdemarie.org\/blog\/wp-json\/wp\/v2\/categories?post=1253"},{"taxonomy":"post_tag","embeddable":true,"href":"https:\/\/www.associationdemarie.org\/blog\/wp-json\/wp\/v2\/tags?post=1253"}],"curies":[{"name":"wp","href":"https:\/\/api.w.org\/{rel}","templated":true}]}}