{"id":12508,"date":"2016-02-16T08:55:36","date_gmt":"2016-02-16T07:55:36","guid":{"rendered":"http:\/\/www.associationdemarie.org\/blog\/?p=12508"},"modified":"2016-02-16T08:55:36","modified_gmt":"2016-02-16T07:55:36","slug":"careme-2016-jour-6","status":"publish","type":"post","link":"https:\/\/www.associationdemarie.org\/blog\/careme-2016-jour-6\/","title":{"rendered":"Car\u00eame 2016 &#8211; jour 6"},"content":{"rendered":"<p><a href=\"https:\/\/www.associationdemarie.org\/blog\/wp-content\/uploads\/2016\/02\/959914wwwtvnhu99d92d64397c3af14e89c0058c36eaa0.gif\"><img loading=\"lazy\" decoding=\"async\" class=\"aligncenter size-full wp-image-12509\" src=\"https:\/\/www.associationdemarie.org\/blog\/wp-content\/uploads\/2016\/02\/959914wwwtvnhu99d92d64397c3af14e89c0058c36eaa0.gif\" alt=\"959914wwwtvnhu99d92d64397c3af14e89c0058c36eaa0\" width=\"290\" height=\"400\" \/><\/a><\/p>\n<p>Je suis pr\u00e9sente chaque jour et je donne les signes de ma pr\u00e9sence ; il faut que votre pri\u00e8re s\u2019enflamme et vous toucherez ses gr\u00e2ces encore plus facilement. Il n\u2019est besoin que d\u2019une \u00e9coute attentive et d\u2019un c\u0153ur largement ouvert pour s\u00e9duire le c\u0153ur d\u2019autrui et l\u2019appeler \u00e0 se r\u00e9jouir de la connaissance Divine.<br \/>\nOuvrez vos maisons, ouvrez vos c\u0153urs pour que le monde observe et se r\u00e9jouisse des gr\u00e2ces qui vous inondent. Dans l\u2019union de votre famille, priez sans rel\u00e2che pour que les familles d\u00e9sunies se rallient \u00e0 l\u2019union de compr\u00e9hension et de tol\u00e9rance. Ouvrez votre c\u0153ur \u00e0 la foi et laissez-nous agir mat\u00e9riellement sans doute et sans peur.<br \/>\nVous subissez un peu plus chaque jour les d\u00e9sagr\u00e9ments que le monde se cr\u00e9e en se s\u00e9parant de son Fr\u00e8re et de son P\u00e8re. Il est si simple de dire : \u00ab Oui P\u00e8re, je t\u2019aime et je te demande pardon \u00bb pour enfin laisser entrer la lumi\u00e8re de la connaissance et de la force vive d\u2019un amour sans limites et si suave.<\/p>\n<p>Marie M\u00e8re des hommes &#8211; janvier 1996<\/p>\n<p>&nbsp;<\/p>\n<p>&nbsp;<\/p>\n<p>&nbsp;<\/p>\n<p>&nbsp;<\/p>\n<p>&nbsp;<\/p>\n","protected":false},"excerpt":{"rendered":"<p>Je suis pr\u00e9sente chaque jour et je donne les signes de ma pr\u00e9sence ; il faut que votre pri\u00e8re s\u2019enflamme et vous toucherez ses gr\u00e2ces encore plus facilement. Il n\u2019est besoin que d\u2019une \u00e9coute attentive et d\u2019un c\u0153ur largement ouvert pour s\u00e9duire le c\u0153ur d\u2019autrui et l\u2019appeler \u00e0 se r\u00e9jouir de la connaissance Divine. Ouvrez [&hellip;]<\/p>\n","protected":false},"author":2,"featured_media":0,"comment_status":"closed","ping_status":"closed","sticky":false,"template":"","format":"standard","meta":{"footnotes":""},"categories":[3,14],"tags":[253,640,668,767],"class_list":["post-12508","post","type-post","status-publish","format-standard","hentry","category-liturgique","category-groupe-prieres","tag-connaissance","tag-marie-mere-des-hommes","tag-message","tag-pardon"],"_links":{"self":[{"href":"https:\/\/www.associationdemarie.org\/blog\/wp-json\/wp\/v2\/posts\/12508","targetHints":{"allow":["GET"]}}],"collection":[{"href":"https:\/\/www.associationdemarie.org\/blog\/wp-json\/wp\/v2\/posts"}],"about":[{"href":"https:\/\/www.associationdemarie.org\/blog\/wp-json\/wp\/v2\/types\/post"}],"author":[{"embeddable":true,"href":"https:\/\/www.associationdemarie.org\/blog\/wp-json\/wp\/v2\/users\/2"}],"replies":[{"embeddable":true,"href":"https:\/\/www.associationdemarie.org\/blog\/wp-json\/wp\/v2\/comments?post=12508"}],"version-history":[{"count":2,"href":"https:\/\/www.associationdemarie.org\/blog\/wp-json\/wp\/v2\/posts\/12508\/revisions"}],"predecessor-version":[{"id":12511,"href":"https:\/\/www.associationdemarie.org\/blog\/wp-json\/wp\/v2\/posts\/12508\/revisions\/12511"}],"wp:attachment":[{"href":"https:\/\/www.associationdemarie.org\/blog\/wp-json\/wp\/v2\/media?parent=12508"}],"wp:term":[{"taxonomy":"category","embeddable":true,"href":"https:\/\/www.associationdemarie.org\/blog\/wp-json\/wp\/v2\/categories?post=12508"},{"taxonomy":"post_tag","embeddable":true,"href":"https:\/\/www.associationdemarie.org\/blog\/wp-json\/wp\/v2\/tags?post=12508"}],"curies":[{"name":"wp","href":"https:\/\/api.w.org\/{rel}","templated":true}]}}