{"id":12490,"date":"2016-02-29T01:51:09","date_gmt":"2016-02-29T00:51:09","guid":{"rendered":"http:\/\/www.associationdemarie.org\/blog\/?p=12490"},"modified":"2016-02-12T13:55:58","modified_gmt":"2016-02-12T12:55:58","slug":"intentions-de-priere-du-pape-francois-mars-2016","status":"publish","type":"post","link":"https:\/\/www.associationdemarie.org\/blog\/intentions-de-priere-du-pape-francois-mars-2016\/","title":{"rendered":"Intentions de pri\u00e8re du pape Fran\u00e7ois &#8211; mars 2016"},"content":{"rendered":"<p><a href=\"https:\/\/www.associationdemarie.org\/blog\/wp-content\/uploads\/2016\/02\/img326-1.png\"><img loading=\"lazy\" decoding=\"async\" class=\"aligncenter size-full wp-image-12491\" src=\"https:\/\/www.associationdemarie.org\/blog\/wp-content\/uploads\/2016\/02\/img326-1.png\" alt=\"img326-1\" width=\"368\" height=\"308\" srcset=\"https:\/\/www.associationdemarie.org\/blog\/wp-content\/uploads\/2016\/02\/img326-1.png 368w, https:\/\/www.associationdemarie.org\/blog\/wp-content\/uploads\/2016\/02\/img326-1-300x251.png 300w\" sizes=\"auto, (max-width: 368px) 100vw, 368px\" \/><\/a><\/p>\n<p><strong>Universelle<\/strong> : Familles en difficult\u00e9<br \/>\nPour que les familles en difficult\u00e9 re\u00e7oivent le soutien n\u00e9cessaire et que les enfants puissent<br \/>\ngrandir dans un environnement sain et serein.<\/p>\n<p><span style=\"color: #ffffff;\">.<\/span><br \/>\n<strong>Pour l&rsquo;\u00e9vang\u00e9lisation<\/strong>\u00a0: Chr\u00e9tiens pers\u00e9cut\u00e9s<br \/>\nPour que les chr\u00e9tiens, discrimin\u00e9s ou pers\u00e9cut\u00e9s \u00e0 cause de leur foi, gardent la force dans les<br \/>\n\u00e9preuves et la fid\u00e9lit\u00e9 \u00e0 l&rsquo;Evangile gr\u00e2ce \u00e0 la pri\u00e8re incessante de toute l&rsquo;Eglise.<\/p>\n<p>&nbsp;<\/p>\n<p>&nbsp;<\/p>\n<p><span style=\"color: #ffffff;\">.<\/span><\/p>\n","protected":false},"excerpt":{"rendered":"<p>Universelle : Familles en difficult\u00e9 Pour que les familles en difficult\u00e9 re\u00e7oivent le soutien n\u00e9cessaire et que les enfants puissent grandir dans un environnement sain et serein. . Pour l&rsquo;\u00e9vang\u00e9lisation\u00a0: Chr\u00e9tiens pers\u00e9cut\u00e9s Pour que les chr\u00e9tiens, discrimin\u00e9s ou pers\u00e9cut\u00e9s \u00e0 cause de leur foi, gardent la force dans les \u00e9preuves et la fid\u00e9lit\u00e9 \u00e0 l&rsquo;Evangile [&hellip;]<\/p>\n","protected":false},"author":2,"featured_media":0,"comment_status":"closed","ping_status":"closed","sticky":false,"template":"","format":"standard","meta":{"footnotes":""},"categories":[2,14,27],"tags":[37,387,399,504,761],"class_list":["post-12490","post","type-post","status-publish","format-standard","hentry","category-actualites","category-groupe-prieres","category-prieres","tag-actes-anti-chretien","tag-evangelisation","tag-famille","tag-intentions-de-priere","tag-pape-francois"],"_links":{"self":[{"href":"https:\/\/www.associationdemarie.org\/blog\/wp-json\/wp\/v2\/posts\/12490","targetHints":{"allow":["GET"]}}],"collection":[{"href":"https:\/\/www.associationdemarie.org\/blog\/wp-json\/wp\/v2\/posts"}],"about":[{"href":"https:\/\/www.associationdemarie.org\/blog\/wp-json\/wp\/v2\/types\/post"}],"author":[{"embeddable":true,"href":"https:\/\/www.associationdemarie.org\/blog\/wp-json\/wp\/v2\/users\/2"}],"replies":[{"embeddable":true,"href":"https:\/\/www.associationdemarie.org\/blog\/wp-json\/wp\/v2\/comments?post=12490"}],"version-history":[{"count":2,"href":"https:\/\/www.associationdemarie.org\/blog\/wp-json\/wp\/v2\/posts\/12490\/revisions"}],"predecessor-version":[{"id":12493,"href":"https:\/\/www.associationdemarie.org\/blog\/wp-json\/wp\/v2\/posts\/12490\/revisions\/12493"}],"wp:attachment":[{"href":"https:\/\/www.associationdemarie.org\/blog\/wp-json\/wp\/v2\/media?parent=12490"}],"wp:term":[{"taxonomy":"category","embeddable":true,"href":"https:\/\/www.associationdemarie.org\/blog\/wp-json\/wp\/v2\/categories?post=12490"},{"taxonomy":"post_tag","embeddable":true,"href":"https:\/\/www.associationdemarie.org\/blog\/wp-json\/wp\/v2\/tags?post=12490"}],"curies":[{"name":"wp","href":"https:\/\/api.w.org\/{rel}","templated":true}]}}