{"id":12479,"date":"2016-02-12T09:27:48","date_gmt":"2016-02-12T08:27:48","guid":{"rendered":"http:\/\/www.associationdemarie.org\/blog\/?p=12479"},"modified":"2016-02-12T13:45:34","modified_gmt":"2016-02-12T12:45:34","slug":"careme-2016-jour-3","status":"publish","type":"post","link":"https:\/\/www.associationdemarie.org\/blog\/careme-2016-jour-3\/","title":{"rendered":"Car\u00eame 2016 &#8211; jour 3"},"content":{"rendered":"<div class=\"_1mf _1mj\" data-offset-key=\"4isgr-0-0\"><span style=\"color: #ffffff;\">.<\/span><a href=\"https:\/\/www.associationdemarie.org\/blog\/wp-content\/uploads\/2016\/02\/jeune_offrande_tous_en_priere3.jpg\"><img loading=\"lazy\" decoding=\"async\" class=\"aligncenter wp-image-12480\" src=\"https:\/\/www.associationdemarie.org\/blog\/wp-content\/uploads\/2016\/02\/jeune_offrande_tous_en_priere3.jpg\" alt=\"jeune_offrande_tous_en_priere3\" width=\"461\" height=\"306\" srcset=\"https:\/\/www.associationdemarie.org\/blog\/wp-content\/uploads\/2016\/02\/jeune_offrande_tous_en_priere3.jpg 849w, https:\/\/www.associationdemarie.org\/blog\/wp-content\/uploads\/2016\/02\/jeune_offrande_tous_en_priere3-300x199.jpg 300w\" sizes=\"auto, (max-width: 461px) 100vw, 461px\" \/><\/a><\/div>\n<div class=\"_1mf _1mj\" data-offset-key=\"4isgr-0-0\"><\/div>\n<div class=\"_1mf _1mj\" data-offset-key=\"4isgr-0-0\"><span style=\"color: #ffffff;\">.<\/span><\/div>\n<div data-contents=\"true\">\n<div class=\"\" data-offset-key=\"4isgr-0-0\" data-block=\"true\">\n<div class=\"_1mf _1mj\" data-offset-key=\"4isgr-0-0\"><span data-offset-key=\"4isgr-0-0\"><span data-text=\"true\">Mes enfants,<\/span><\/span><\/div>\n<\/div>\n<div class=\"\" data-offset-key=\"dh42b-0-0\" data-block=\"true\">\n<div class=\"_1mf _1mj\" data-offset-key=\"dh42b-0-0\"><span data-offset-key=\"dh42b-0-0\">\u00a0<\/span><\/div>\n<\/div>\n<div class=\"\" data-offset-key=\"pr6-0-0\" data-block=\"true\">\n<div class=\"_1mf _1mj\" data-offset-key=\"pr6-0-0\"><span data-offset-key=\"pr6-0-0\"><span data-text=\"true\">Merci de me lire et de m\u2019accorder vos pri\u00e8res. Il faut en ces temps de je\u00fbne et de pri\u00e8re, accentuer vos efforts d\u2019Amour et de Paix.<\/span><\/span><\/div>\n<\/div>\n<div class=\"\" data-offset-key=\"a2hr2-0-0\" data-block=\"true\">\n<div class=\"_1mf _1mj\" data-offset-key=\"a2hr2-0-0\"><span data-offset-key=\"a2hr2-0-0\"><span data-text=\"true\">Mes enfants, il faut prier pour tous vos fr\u00e8res qui sont dans l\u2019ennui et la tourmente de l\u2019incertitude et du d\u00e9couragement. Priez, Priez, Priez afin que l\u2019Esprit de Dieu apporte son souffle de repos sur ces \u00eatres. Mes enfants, ne laissez pas votre esprit s\u2019\u00e9garer en d\u2019illusoires supputations et suppositions d\u2019un avenir que vous ne connaissez pas et que vous cherchez tant \u00e0 deviner. Vous devez infl\u00e9chir votre pens\u00e9e dans la confiance en l\u2019\u00c9ternel, Notre P\u00e8re et Seigneur. Le vagabondage de l\u2019esprit n\u2019est que le reflet de d\u00e9sirs int\u00e9rieurs et souvent peu conciliables avec votre avenir. Unissez-vous dans une pri\u00e8re ferme et sans d\u00e9tour. Approfondissez par la r\u00e9flexion les paroles Divines et r\u00e9alisez la port\u00e9e de ces messages pour vous guider vous-m\u00eames, avant de vouloir g\u00e9rer un itin\u00e9raire utopique pour autrui. <\/span><\/span><\/div>\n<\/div>\n<div class=\"\" data-offset-key=\"2eku8-0-0\" data-block=\"true\">\n<div class=\"_1mf _1mj\" data-offset-key=\"2eku8-0-0\"><span data-offset-key=\"2eku8-0-0\">\u00a0<\/span><\/div>\n<\/div>\n<div class=\"\" data-offset-key=\"8j52c-0-0\" data-block=\"true\">\n<div class=\"_1mf _1mj\" data-offset-key=\"8j52c-0-0\"><span data-offset-key=\"8j52c-0-0\"><span data-text=\"true\">Marie M\u00e8re des hommes &#8211; Mars 1995<\/span><\/span><\/div>\n<\/div>\n<\/div>\n<div class=\"_1mf _1mj\" data-offset-key=\"8j52c-0-0\"><\/div>\n<div class=\"_1mf _1mj\" data-offset-key=\"8j52c-0-0\"><\/div>\n<div class=\"_1mf _1mj\" data-offset-key=\"8j52c-0-0\"><\/div>\n<div class=\"_1mf _1mj\" data-offset-key=\"8j52c-0-0\"><\/div>\n<div class=\"_1mf _1mj\" data-offset-key=\"8j52c-0-0\"><span style=\"color: #ffffff;\">.<\/span><\/div>\n<div class=\"_1mf _1mj\" data-offset-key=\"8j52c-0-0\"><\/div>\n<div class=\"_1mf _1mj\" data-offset-key=\"8j52c-0-0\"><\/div>\n","protected":false},"excerpt":{"rendered":"<p>. . Mes enfants, \u00a0 Merci de me lire et de m\u2019accorder vos pri\u00e8res. Il faut en ces temps de je\u00fbne et de pri\u00e8re, accentuer vos efforts d\u2019Amour et de Paix. Mes enfants, il faut prier pour tous vos fr\u00e8res qui sont dans l\u2019ennui et la tourmente de l\u2019incertitude et du d\u00e9couragement. Priez, Priez, Priez [&hellip;]<\/p>\n","protected":false},"author":2,"featured_media":0,"comment_status":"closed","ping_status":"closed","sticky":false,"template":"","format":"standard","meta":{"footnotes":""},"categories":[3,19,26],"tags":[65,184,540,640,795,942],"class_list":["post-12479","post","type-post","status-publish","format-standard","hentry","category-liturgique","category-messages","category-priere-des-ames","tag-amour-et-paix","tag-careme","tag-jeune","tag-marie-mere-des-hommes","tag-pere-eternel","tag-saintes-ecritures"],"_links":{"self":[{"href":"https:\/\/www.associationdemarie.org\/blog\/wp-json\/wp\/v2\/posts\/12479","targetHints":{"allow":["GET"]}}],"collection":[{"href":"https:\/\/www.associationdemarie.org\/blog\/wp-json\/wp\/v2\/posts"}],"about":[{"href":"https:\/\/www.associationdemarie.org\/blog\/wp-json\/wp\/v2\/types\/post"}],"author":[{"embeddable":true,"href":"https:\/\/www.associationdemarie.org\/blog\/wp-json\/wp\/v2\/users\/2"}],"replies":[{"embeddable":true,"href":"https:\/\/www.associationdemarie.org\/blog\/wp-json\/wp\/v2\/comments?post=12479"}],"version-history":[{"count":3,"href":"https:\/\/www.associationdemarie.org\/blog\/wp-json\/wp\/v2\/posts\/12479\/revisions"}],"predecessor-version":[{"id":12486,"href":"https:\/\/www.associationdemarie.org\/blog\/wp-json\/wp\/v2\/posts\/12479\/revisions\/12486"}],"wp:attachment":[{"href":"https:\/\/www.associationdemarie.org\/blog\/wp-json\/wp\/v2\/media?parent=12479"}],"wp:term":[{"taxonomy":"category","embeddable":true,"href":"https:\/\/www.associationdemarie.org\/blog\/wp-json\/wp\/v2\/categories?post=12479"},{"taxonomy":"post_tag","embeddable":true,"href":"https:\/\/www.associationdemarie.org\/blog\/wp-json\/wp\/v2\/tags?post=12479"}],"curies":[{"name":"wp","href":"https:\/\/api.w.org\/{rel}","templated":true}]}}