{"id":12476,"date":"2016-02-27T01:59:37","date_gmt":"2016-02-27T00:59:37","guid":{"rendered":"http:\/\/www.associationdemarie.org\/blog\/?p=12476"},"modified":"2016-02-12T09:07:38","modified_gmt":"2016-02-12T08:07:38","slug":"il-fallait-bien-festoyer-car-ton-frere-etait-mort-et-il-est-revenu-a-la-vie","status":"publish","type":"post","link":"https:\/\/www.associationdemarie.org\/blog\/il-fallait-bien-festoyer-car-ton-frere-etait-mort-et-il-est-revenu-a-la-vie\/","title":{"rendered":"\u00ab Il fallait bien festoyer&#8230; car ton fr\u00e8re \u00e9tait mort, et il est revenu \u00e0 la vie. \u00bb"},"content":{"rendered":"<figure id=\"attachment_12477\" aria-describedby=\"caption-attachment-12477\" style=\"width: 305px\" class=\"wp-caption aligncenter\"><a href=\"http:\/\/iconesalain.free.fr\"><img loading=\"lazy\" decoding=\"async\" class=\"wp-image-12477\" src=\"https:\/\/www.associationdemarie.org\/blog\/wp-content\/uploads\/2016\/02\/56.Fils_.Prodigue.jpg\" alt=\"Alain Chenal\" width=\"305\" height=\"426\" srcset=\"https:\/\/www.associationdemarie.org\/blog\/wp-content\/uploads\/2016\/02\/56.Fils_.Prodigue.jpg 1864w, https:\/\/www.associationdemarie.org\/blog\/wp-content\/uploads\/2016\/02\/56.Fils_.Prodigue-214x300.jpg 214w, https:\/\/www.associationdemarie.org\/blog\/wp-content\/uploads\/2016\/02\/56.Fils_.Prodigue-732x1024.jpg 732w\" sizes=\"auto, (max-width: 305px) 100vw, 305px\" \/><\/a><figcaption id=\"caption-attachment-12477\" class=\"wp-caption-text\">Alain Chenal<\/figcaption><\/figure>\n<p>Le fils a\u00een\u00e9, en col\u00e8re, a dit \u00e0 son p\u00e8re : \u00ab &#8230;Sans cesse j&rsquo;ai ob\u00e9i \u00e0 tes ordres, sans en transgresser un seul ! &#8230; et le prodigue qui revient \u00e0 toi, tu en fais bien plus grand cas que de moi ! \u00bb<\/p>\n<p>\u00c0 peine avait-il entendu son fils parler ainsi que le p\u00e8re lui a r\u00e9pondu avec douceur : \u00ab \u00c9coute ton p\u00e8re. Toi, tu es avec moi, car jamais tu ne t&rsquo;es \u00e9loign\u00e9 de moi ; toi, tu ne t&rsquo;es pas s\u00e9par\u00e9 de l&rsquo;\u00c9glise ; toi, tu es toujours pr\u00e9sent \u00e0 mes c\u00f4t\u00e9s, avec tous mes anges. Mais celui-ci est venu couvert de honte, nu et sans beaut\u00e9, en criant : \u00a0\u00bb Piti\u00e9 ! J&rsquo;ai p\u00e9ch\u00e9, p\u00e8re, et je supplie en coupable devant ta face. Accepte-moi comme journalier et nourris-moi, car tu aimes les hommes, Seigneur et ma\u00eetre des si\u00e8cles. \u00a0\u00bb (Sg 1,6 ;1Tm 1,17)<\/p>\n<p>\u00ab Ton fr\u00e8re a cri\u00e9 : &lsquo; Sauve-moi, p\u00e8re saint ! &lsquo; &#8230;Comment pouvais-je ne pas prendre en piti\u00e9, ne pas sauver mon fils qui g\u00e9missait, qui sanglotait ? &#8230; Juge-moi, toi qui me bl\u00e2mes&#8230; Ma joie en tout temps, c&rsquo;est d&rsquo;aimer les hommes&#8230; C&rsquo;est ma cr\u00e9ature : comment ne pas en avoir piti\u00e9 ? Comment ne pas avoir compassion de son repentir ? Mes entrailles ont engendr\u00e9 cet enfant que j&rsquo;ai pris en piti\u00e9, moi, le Seigneur et ma\u00eetre des si\u00e8cles.<\/p>\n<p>\u00ab Tout ce que j&rsquo;ai est \u00e0 toi, mon fils&#8230; La fortune que tu as n&rsquo;en est pas diminu\u00e9e, car ce n&rsquo;est pas en prenant dessus que je fais des cadeaux \u00e0 ton fr\u00e8re&#8230; Je suis de vous deux le cr\u00e9ateur unique, l&rsquo;unique p\u00e8re, bon, aimant et mis\u00e9ricordieux. Je t&rsquo;honore, mon fils, car tu m&rsquo;as toujours aim\u00e9 et servi ; et lui, j&rsquo;en ai compassion, car il se livre tout entier \u00e0 son repentir. Tu devais donc partager la joie de tous ceux que j&rsquo;ai invit\u00e9s, moi, le Seigneur et ma\u00eetre des si\u00e8cles.<\/p>\n<p>\u00ab Ainsi donc, mon fils, r\u00e9jouis-toi avec tous les invit\u00e9s du banquet, et m\u00eale tes chants \u00e0 ceux de tous les anges, car ton fr\u00e8re \u00e9tait perdu et le voil\u00e0 retrouv\u00e9, il \u00e9tait mort et, contre toute attente, il est ressuscit\u00e9. \u00bb \u00c0 ces mots, le fils a\u00een\u00e9 s&rsquo;est laiss\u00e9 persuader et a chant\u00e9 : \u00ab Criez tous de joie ! &lsquo; Heureux ceux \u00e0 qui tout p\u00e9ch\u00e9 a \u00e9t\u00e9 remis et dont les fautes sont effac\u00e9es &lsquo; (Ps 131,1). Je te loue, \u00f4 ami des hommes, toi qui as sauv\u00e9 aussi mon fr\u00e8re, toi le Seigneur et ma\u00eetre des si\u00e8cles. \u00bb<\/p>\n<p>Saint Romanos le M\u00e9lode (?-v. 560), compositeur d&rsquo;hymnes<br \/>\nHymne 28, L&rsquo;Enfant prodigue, str 17-21 (trad. SC 114, p. 257s)<\/p>\n<p>&nbsp;<\/p>\n<p>&nbsp;<\/p>\n<p>&nbsp;<\/p>\n","protected":false},"excerpt":{"rendered":"<p>Le fils a\u00een\u00e9, en col\u00e8re, a dit \u00e0 son p\u00e8re : \u00ab &#8230;Sans cesse j&rsquo;ai ob\u00e9i \u00e0 tes ordres, sans en transgresser un seul ! &#8230; et le prodigue qui revient \u00e0 toi, tu en fais bien plus grand cas que de moi ! \u00bb \u00c0 peine avait-il entendu son fils parler ainsi que le [&hellip;]<\/p>\n","protected":false},"author":2,"featured_media":0,"comment_status":"closed","ping_status":"closed","sticky":false,"template":"","format":"standard","meta":{"footnotes":""},"categories":[3,4,13,1261,28],"tags":[1382,418,678,1077],"class_list":["post-12476","post","type-post","status-publish","format-standard","hentry","category-liturgique","category-iconographie","category-ecritures","category-enseignement-2","category-saints-et-saintes","tag-ecritures","tag-fils-prodigue","tag-misericorde","tag-st-romanos-le-melode"],"_links":{"self":[{"href":"https:\/\/www.associationdemarie.org\/blog\/wp-json\/wp\/v2\/posts\/12476","targetHints":{"allow":["GET"]}}],"collection":[{"href":"https:\/\/www.associationdemarie.org\/blog\/wp-json\/wp\/v2\/posts"}],"about":[{"href":"https:\/\/www.associationdemarie.org\/blog\/wp-json\/wp\/v2\/types\/post"}],"author":[{"embeddable":true,"href":"https:\/\/www.associationdemarie.org\/blog\/wp-json\/wp\/v2\/users\/2"}],"replies":[{"embeddable":true,"href":"https:\/\/www.associationdemarie.org\/blog\/wp-json\/wp\/v2\/comments?post=12476"}],"version-history":[{"count":1,"href":"https:\/\/www.associationdemarie.org\/blog\/wp-json\/wp\/v2\/posts\/12476\/revisions"}],"predecessor-version":[{"id":12478,"href":"https:\/\/www.associationdemarie.org\/blog\/wp-json\/wp\/v2\/posts\/12476\/revisions\/12478"}],"wp:attachment":[{"href":"https:\/\/www.associationdemarie.org\/blog\/wp-json\/wp\/v2\/media?parent=12476"}],"wp:term":[{"taxonomy":"category","embeddable":true,"href":"https:\/\/www.associationdemarie.org\/blog\/wp-json\/wp\/v2\/categories?post=12476"},{"taxonomy":"post_tag","embeddable":true,"href":"https:\/\/www.associationdemarie.org\/blog\/wp-json\/wp\/v2\/tags?post=12476"}],"curies":[{"name":"wp","href":"https:\/\/api.w.org\/{rel}","templated":true}]}}