{"id":12471,"date":"2016-02-26T01:45:46","date_gmt":"2016-02-26T00:45:46","guid":{"rendered":"http:\/\/www.associationdemarie.org\/blog\/?p=12471"},"modified":"2016-02-11T08:47:22","modified_gmt":"2016-02-11T07:47:22","slug":"la-parabole-de-la-vigne","status":"publish","type":"post","link":"https:\/\/www.associationdemarie.org\/blog\/la-parabole-de-la-vigne\/","title":{"rendered":"La parabole de la vigne"},"content":{"rendered":"<p><a href=\"https:\/\/www.associationdemarie.org\/blog\/wp-content\/uploads\/2010\/05\/vigne-du-seigneur.jpg\"><img loading=\"lazy\" decoding=\"async\" class=\"aligncenter size-full wp-image-948\" src=\"https:\/\/www.associationdemarie.org\/blog\/wp-content\/uploads\/2010\/05\/vigne-du-seigneur.jpg\" alt=\"vigne-du-seigneur\" width=\"356\" height=\"442\" srcset=\"https:\/\/www.associationdemarie.org\/blog\/wp-content\/uploads\/2010\/05\/vigne-du-seigneur.jpg 356w, https:\/\/www.associationdemarie.org\/blog\/wp-content\/uploads\/2010\/05\/vigne-du-seigneur-241x300.jpg 241w\" sizes=\"auto, (max-width: 356px) 100vw, 356px\" \/><\/a><\/p>\n<p>La vigne est notre symbole, parce que le peuple de Dieu, enracin\u00e9 sur le cep de la vigne \u00e9ternelle (Jn 15,5), s&rsquo;\u00e9l\u00e8ve au-dessus de la terre. Foisonnement d&rsquo;un sol ingrat, tant\u00f4t elle bourgeonne et fleurit, tant\u00f4t elle se rev\u00eat de verdure, tant\u00f4t elle ressemble au joug aimable de la croix, quand elle a grandi et que ses bras \u00e9tendus forment les sarments d&rsquo;un vignoble f\u00e9cond&#8230; On a donc raison d&rsquo;appeler vigne le peuple du Christ, soit parce qu&rsquo;il marque son front du signe de la croix (Ez 9,4), soit parce qu&rsquo;on r\u00e9colte ses fruits \u00e0 la derni\u00e8re saison de l&rsquo;ann\u00e9e, soit parce que, comme pour les rangs d&rsquo;un vignoble, pauvres et riches, humbles et puissants, serviteurs et ma\u00eetres, tous dans l&rsquo;\u00c9glise sont d&rsquo;une \u00e9galit\u00e9 parfaite&#8230;<\/p>\n<p>Quand on attache la vigne, elle se redresse ; quand on l&rsquo;\u00e9monde, ce n&rsquo;est pas pour l&rsquo;amoindrir, mais pour la faire cro\u00eetre. Il en est de m\u00eame du peuple saint : si on le lie, il se lib\u00e8re ; si on l&rsquo;humilie, il se redresse ; si on le taille, on lui donne en fait une couronne. Bien mieux : de m\u00eame que le rejeton, pr\u00e9lev\u00e9 sur un vieil arbre, est greff\u00e9 sur une autre racine, de m\u00eame ce peuple saint&#8230;, nourri sur l&rsquo;arbre de la croix&#8230;, se d\u00e9veloppe. Et l&rsquo;Esprit Saint, comme r\u00e9pandu dans les sillons d&rsquo;un terrain, se d\u00e9verse dans notre corps, lavant tout ce qui est immonde et redressant nos membres pour les diriger vers le ciel.<\/p>\n<p>Cette vigne, le Vigneron a l&rsquo;habitude de la sarcler, de l&rsquo;attacher, de la tailler (Jn 15,2)&#8230; Tant\u00f4t il br\u00fble de soleil les secrets de notre corps et tant\u00f4t il les arrose de pluie. Il aime sarcler son terrain, pour que les ronces ne blessent pas les bourgeons ; il veille \u00e0 ce que les feuilles ne fassent pas trop d&rsquo;ombre&#8230;, ne privent pas de lumi\u00e8re nos vertus, et n&#8217;emp\u00eachent pas la maturation de nos fruits.<\/p>\n<p>Saint Ambroise (v. 340-397), \u00e9v\u00eaque de Milan et docteur de l&rsquo;\u00c9glise<br \/>\nCommentaire sur l&rsquo;\u00e9vangile de Luc, 9, 29-30 (trad. V\u00e9ricel, L&rsquo;Evangile comment\u00e9, p. 290 rev. ; cf SC 52, p. 150)<\/p>\n<p>&nbsp;<\/p>\n<p>&nbsp;<\/p>\n<p>&nbsp;<\/p>\n<p>&nbsp;<\/p>\n","protected":false},"excerpt":{"rendered":"<p>La vigne est notre symbole, parce que le peuple de Dieu, enracin\u00e9 sur le cep de la vigne \u00e9ternelle (Jn 15,5), s&rsquo;\u00e9l\u00e8ve au-dessus de la terre. Foisonnement d&rsquo;un sol ingrat, tant\u00f4t elle bourgeonne et fleurit, tant\u00f4t elle se rev\u00eat de verdure, tant\u00f4t elle ressemble au joug aimable de la croix, quand elle a grandi et [&hellip;]<\/p>\n","protected":false},"author":2,"featured_media":0,"comment_status":"closed","ping_status":"closed","sticky":false,"template":"","format":"standard","meta":{"footnotes":""},"categories":[3,13,1261,16,28],"tags":[536,1007,1190],"class_list":["post-12471","post","type-post","status-publish","format-standard","hentry","category-liturgique","category-ecritures","category-enseignement-2","category-jardins-de-la-bible","category-saints-et-saintes","tag-jesus-christ","tag-st-ambroise","tag-vigne"],"_links":{"self":[{"href":"https:\/\/www.associationdemarie.org\/blog\/wp-json\/wp\/v2\/posts\/12471","targetHints":{"allow":["GET"]}}],"collection":[{"href":"https:\/\/www.associationdemarie.org\/blog\/wp-json\/wp\/v2\/posts"}],"about":[{"href":"https:\/\/www.associationdemarie.org\/blog\/wp-json\/wp\/v2\/types\/post"}],"author":[{"embeddable":true,"href":"https:\/\/www.associationdemarie.org\/blog\/wp-json\/wp\/v2\/users\/2"}],"replies":[{"embeddable":true,"href":"https:\/\/www.associationdemarie.org\/blog\/wp-json\/wp\/v2\/comments?post=12471"}],"version-history":[{"count":1,"href":"https:\/\/www.associationdemarie.org\/blog\/wp-json\/wp\/v2\/posts\/12471\/revisions"}],"predecessor-version":[{"id":12472,"href":"https:\/\/www.associationdemarie.org\/blog\/wp-json\/wp\/v2\/posts\/12471\/revisions\/12472"}],"wp:attachment":[{"href":"https:\/\/www.associationdemarie.org\/blog\/wp-json\/wp\/v2\/media?parent=12471"}],"wp:term":[{"taxonomy":"category","embeddable":true,"href":"https:\/\/www.associationdemarie.org\/blog\/wp-json\/wp\/v2\/categories?post=12471"},{"taxonomy":"post_tag","embeddable":true,"href":"https:\/\/www.associationdemarie.org\/blog\/wp-json\/wp\/v2\/tags?post=12471"}],"curies":[{"name":"wp","href":"https:\/\/api.w.org\/{rel}","templated":true}]}}