{"id":12465,"date":"2016-02-25T01:32:11","date_gmt":"2016-02-25T00:32:11","guid":{"rendered":"http:\/\/www.associationdemarie.org\/blog\/?p=12465"},"modified":"2016-02-10T17:04:36","modified_gmt":"2016-02-10T16:04:36","slug":"un-pauvre-etait-couche-devant-le-portail","status":"publish","type":"post","link":"https:\/\/www.associationdemarie.org\/blog\/un-pauvre-etait-couche-devant-le-portail\/","title":{"rendered":"\u00ab Un pauvre&#8230;\u00e9tait couch\u00e9 devant le portail. \u00bb"},"content":{"rendered":"<p><a href=\"https:\/\/www.associationdemarie.org\/blog\/wp-content\/uploads\/2016\/02\/La-pauvret\u00e9.jpg\"><img loading=\"lazy\" decoding=\"async\" class=\"aligncenter wp-image-12466\" src=\"https:\/\/www.associationdemarie.org\/blog\/wp-content\/uploads\/2016\/02\/La-pauvret\u00e9.jpg\" alt=\"La-pauvret\u00e9\" width=\"414\" height=\"257\" srcset=\"https:\/\/www.associationdemarie.org\/blog\/wp-content\/uploads\/2016\/02\/La-pauvret\u00e9.jpg 700w, https:\/\/www.associationdemarie.org\/blog\/wp-content\/uploads\/2016\/02\/La-pauvret\u00e9-300x186.jpg 300w\" sizes=\"auto, (max-width: 414px) 100vw, 414px\" \/><\/a><\/p>\n<p>Le Christ a dit : \u00ab J&rsquo;\u00e9tais affam\u00e9 et vous m&rsquo;avez nourri \u00bb (Mt 25,35). Il a \u00e9t\u00e9 affam\u00e9 non seulement de pain mais aussi de l&rsquo;affection bienveillante qui fait que l&rsquo;on se sent aim\u00e9, reconnu, que l&rsquo;on se sent \u00eatre quelqu&rsquo;un aux yeux de quelqu&rsquo;un d&rsquo;autre. Il a \u00e9t\u00e9 d\u00e9nud\u00e9 non seulement de tout v\u00eatement, mais aussi de toute dignit\u00e9 et consid\u00e9ration puisque la plus grande injustice \u00e0 commettre envers le pauvre est de le m\u00e9priser parce qu&rsquo;il est pauvre. Il a \u00e9t\u00e9 priv\u00e9 non seulement d&rsquo;un toit&#8230;mais aussi a subi toutes les privations qu&rsquo;endurent ceux que l&rsquo;on enferme, qui sont rejet\u00e9s ou exclus, errant de par le monde sans qu&rsquo;il n&rsquo;y ait personne pour se soucier d&rsquo;eux.<\/p>\n<p>Descends dans la rue, sans plus de propos que cela. Vois cet homme, l\u00e0, au coin, et va vers lui. Peut-\u00eatre qu&rsquo;il s&rsquo;en irritera, mais tu seras l\u00e0, en face de lui, en pr\u00e9sence. Tu dois manifester la pr\u00e9sence qui est en toi par l&rsquo;amour et l&rsquo;attention avec lesquels tu t&rsquo;adresses \u00e0 cet homme. Pourquoi ? Parce que, pour toi, c&rsquo;est de J\u00e9sus qu&rsquo;il s&rsquo;agit. J\u00e9sus, oui, mais qui ne peut pas te recevoir chez lui \u2013- voil\u00e0 la raison pour laquelle tu dois savoir aller vers lui. J\u00e9sus, oui, mais cach\u00e9 en la personne qui est l\u00e0. J\u00e9sus, dans le plus petit de nos fr\u00e8res (Mt 25,40), n&rsquo;est pas seulement affam\u00e9 d&rsquo;un morceau de pain, mais aussi d&rsquo;amour, de reconnaissance, d&rsquo;\u00eatre pris en compte.<\/p>\n<p>Bienheureuse Teresa de Calcutta (1910-1997), fondatrice des S\u0153urs Missionnaires de la Charit\u00e9<br \/>\nNo Greater Love (trad. Il n&rsquo;y a pas de plus grand amour, Latt\u00e8s 1997, p. 91)<\/p>\n<p>&nbsp;<\/p>\n<p>&nbsp;<\/p>\n<p>&nbsp;<\/p>\n","protected":false},"excerpt":{"rendered":"<p>Le Christ a dit : \u00ab J&rsquo;\u00e9tais affam\u00e9 et vous m&rsquo;avez nourri \u00bb (Mt 25,35). Il a \u00e9t\u00e9 affam\u00e9 non seulement de pain mais aussi de l&rsquo;affection bienveillante qui fait que l&rsquo;on se sent aim\u00e9, reconnu, que l&rsquo;on se sent \u00eatre quelqu&rsquo;un aux yeux de quelqu&rsquo;un d&rsquo;autre. Il a \u00e9t\u00e9 d\u00e9nud\u00e9 non seulement de tout [&hellip;]<\/p>\n","protected":false},"author":2,"featured_media":0,"comment_status":"closed","ping_status":"closed","sticky":false,"template":"","format":"standard","meta":{"footnotes":""},"categories":[3,12,13,1261,28],"tags":[152,220,785,1059],"class_list":["post-12465","post","type-post","status-publish","format-standard","hentry","category-liturgique","category-crise","category-ecritures","category-enseignement-2","category-saints-et-saintes","tag-bienheureuse-therese-de-calcutta","tag-christ","tag-pauvrete","tag-st-matthieu"],"_links":{"self":[{"href":"https:\/\/www.associationdemarie.org\/blog\/wp-json\/wp\/v2\/posts\/12465","targetHints":{"allow":["GET"]}}],"collection":[{"href":"https:\/\/www.associationdemarie.org\/blog\/wp-json\/wp\/v2\/posts"}],"about":[{"href":"https:\/\/www.associationdemarie.org\/blog\/wp-json\/wp\/v2\/types\/post"}],"author":[{"embeddable":true,"href":"https:\/\/www.associationdemarie.org\/blog\/wp-json\/wp\/v2\/users\/2"}],"replies":[{"embeddable":true,"href":"https:\/\/www.associationdemarie.org\/blog\/wp-json\/wp\/v2\/comments?post=12465"}],"version-history":[{"count":1,"href":"https:\/\/www.associationdemarie.org\/blog\/wp-json\/wp\/v2\/posts\/12465\/revisions"}],"predecessor-version":[{"id":12467,"href":"https:\/\/www.associationdemarie.org\/blog\/wp-json\/wp\/v2\/posts\/12465\/revisions\/12467"}],"wp:attachment":[{"href":"https:\/\/www.associationdemarie.org\/blog\/wp-json\/wp\/v2\/media?parent=12465"}],"wp:term":[{"taxonomy":"category","embeddable":true,"href":"https:\/\/www.associationdemarie.org\/blog\/wp-json\/wp\/v2\/categories?post=12465"},{"taxonomy":"post_tag","embeddable":true,"href":"https:\/\/www.associationdemarie.org\/blog\/wp-json\/wp\/v2\/tags?post=12465"}],"curies":[{"name":"wp","href":"https:\/\/api.w.org\/{rel}","templated":true}]}}