{"id":12442,"date":"2016-02-18T08:52:35","date_gmt":"2016-02-18T07:52:35","guid":{"rendered":"http:\/\/www.associationdemarie.org\/blog\/?p=12442"},"modified":"2016-02-04T08:54:01","modified_gmt":"2016-02-04T07:54:01","slug":"sainte-bernadette","status":"publish","type":"post","link":"https:\/\/www.associationdemarie.org\/blog\/sainte-bernadette\/","title":{"rendered":"Sainte Bernadette"},"content":{"rendered":"<p><iframe loading=\"lazy\" title=\"SAINTE BERNADETTE SOUBIROUS - M\u00c9MOIRE &amp; F\u00caTE\" width=\"500\" height=\"281\" src=\"https:\/\/www.youtube.com\/embed\/FtQ0ZJmOwZ0?feature=oembed\" frameborder=\"0\" allow=\"accelerometer; autoplay; clipboard-write; encrypted-media; gyroscope; picture-in-picture; web-share\" referrerpolicy=\"strict-origin-when-cross-origin\" allowfullscreen><\/iframe><\/p>\n<p>&nbsp;<\/p>\n<p>&nbsp;<\/p>\n<p><strong><img loading=\"lazy\" decoding=\"async\" class=\"alignright wp-image-12443\" src=\"https:\/\/www.associationdemarie.org\/blog\/wp-content\/uploads\/2016\/02\/Santa_Bernardetta_Soubirous_L.jpg\" alt=\"Santa_Bernardetta_Soubirous_L\" width=\"106\" height=\"161\" srcset=\"https:\/\/www.associationdemarie.org\/blog\/wp-content\/uploads\/2016\/02\/Santa_Bernardetta_Soubirous_L.jpg 394w, https:\/\/www.associationdemarie.org\/blog\/wp-content\/uploads\/2016\/02\/Santa_Bernardetta_Soubirous_L-197x300.jpg 197w\" sizes=\"auto, (max-width: 106px) 100vw, 106px\" \/>Que mon \u00e2me \u00e9tait heureuse, \u00f4 bonne M\u00e8re,<\/strong><\/p>\n<p>quand j&rsquo;avais le bonheur de vous contempler !<br \/>\nQue j&rsquo;aime \u00e0 me rappeler ces doux moments<br \/>\npass\u00e9s sous vos yeux pleins de bont\u00e9 et de mis\u00e9ricorde pour nous.<br \/>\nOui, tendre M\u00e8re, vous vous \u00eates abaiss\u00e9e jusqu&rsquo;\u00e0 terre<br \/>\npour appara\u00eetre \u00e0 une faible enfant et lui communiquer certaines choses,<br \/>\nmalgr\u00e9 sa grande indignit\u00e9.<br \/>\nAussi, quel sujet d&rsquo;humilit\u00e9 n&rsquo;a-t-elle pas.<br \/>\nVous, la Reine du Ciel et de la terre,<br \/>\navez bien voulu vous servir de ce qu&rsquo;il y avait. de plus faible selon le monde.<br \/>\n\u00d4 Marie, donnez \u00e0 celle qui ose se dire votre enfant cette pr\u00e9cieuse vertu d&rsquo;humilit\u00e9.<br \/>\nFaites, \u00f4 tendre M\u00e8re, que votre enfant vous imite en tout et pour tout,<br \/>\nen un mot que je sois une enfant selon votre C\u0153ur et Celui de votre cher Fils.<\/p>\n<p>&nbsp;<\/p>\n<p>Sainte Bernadette Soubirous<br \/>\nCette pri\u00e8re, dont le d\u00e9but rappelle le Magnificat,\u00a0a \u00e9t\u00e9 compos\u00e9e par Bernadette, en mai 1866,<br \/>\nalors qu&rsquo;elle se pr\u00e9parait \u00e0 entrer au couvent de Nevers.<\/p>\n<p>&nbsp;<\/p>\n<p>&nbsp;<\/p>\n<p>&nbsp;<\/p>\n","protected":false},"excerpt":{"rendered":"<p>&nbsp; &nbsp; Que mon \u00e2me \u00e9tait heureuse, \u00f4 bonne M\u00e8re, quand j&rsquo;avais le bonheur de vous contempler ! Que j&rsquo;aime \u00e0 me rappeler ces doux moments pass\u00e9s sous vos yeux pleins de bont\u00e9 et de mis\u00e9ricorde pour nous. Oui, tendre M\u00e8re, vous vous \u00eates abaiss\u00e9e jusqu&rsquo;\u00e0 terre pour appara\u00eetre \u00e0 une faible enfant et lui [&hellip;]<\/p>\n","protected":false},"author":2,"featured_media":0,"comment_status":"closed","ping_status":"closed","sticky":false,"template":"","format":"standard","meta":{"footnotes":""},"categories":[2,3,27,28],"tags":[830,914,1087,1189],"class_list":["post-12442","post","type-post","status-publish","format-standard","hentry","category-actualites","category-liturgique","category-prieres","category-saints-et-saintes","tag-priere","tag-sacre-coeur-de-jesus","tag-ste-bernadette","tag-vierge-marie"],"_links":{"self":[{"href":"https:\/\/www.associationdemarie.org\/blog\/wp-json\/wp\/v2\/posts\/12442","targetHints":{"allow":["GET"]}}],"collection":[{"href":"https:\/\/www.associationdemarie.org\/blog\/wp-json\/wp\/v2\/posts"}],"about":[{"href":"https:\/\/www.associationdemarie.org\/blog\/wp-json\/wp\/v2\/types\/post"}],"author":[{"embeddable":true,"href":"https:\/\/www.associationdemarie.org\/blog\/wp-json\/wp\/v2\/users\/2"}],"replies":[{"embeddable":true,"href":"https:\/\/www.associationdemarie.org\/blog\/wp-json\/wp\/v2\/comments?post=12442"}],"version-history":[{"count":6,"href":"https:\/\/www.associationdemarie.org\/blog\/wp-json\/wp\/v2\/posts\/12442\/revisions"}],"predecessor-version":[{"id":12449,"href":"https:\/\/www.associationdemarie.org\/blog\/wp-json\/wp\/v2\/posts\/12442\/revisions\/12449"}],"wp:attachment":[{"href":"https:\/\/www.associationdemarie.org\/blog\/wp-json\/wp\/v2\/media?parent=12442"}],"wp:term":[{"taxonomy":"category","embeddable":true,"href":"https:\/\/www.associationdemarie.org\/blog\/wp-json\/wp\/v2\/categories?post=12442"},{"taxonomy":"post_tag","embeddable":true,"href":"https:\/\/www.associationdemarie.org\/blog\/wp-json\/wp\/v2\/tags?post=12442"}],"curies":[{"name":"wp","href":"https:\/\/api.w.org\/{rel}","templated":true}]}}