{"id":12391,"date":"2016-02-05T01:47:14","date_gmt":"2016-02-05T00:47:14","guid":{"rendered":"http:\/\/www.associationdemarie.org\/blog\/?p=12391"},"modified":"2016-01-21T18:49:05","modified_gmt":"2016-01-21T17:49:05","slug":"parole","status":"publish","type":"post","link":"https:\/\/www.associationdemarie.org\/blog\/parole\/","title":{"rendered":"Parole"},"content":{"rendered":"<p><a href=\"https:\/\/www.associationdemarie.org\/blog\/wp-content\/uploads\/2016\/01\/Monastere-dominicainNDdeChalaisVoreppe-Is\u00e8re.jpg\"><img loading=\"lazy\" decoding=\"async\" class=\"aligncenter  wp-image-12392\" src=\"https:\/\/www.associationdemarie.org\/blog\/wp-content\/uploads\/2016\/01\/Monastere-dominicainNDdeChalaisVoreppe-Is\u00e8re.jpg\" alt=\"Monastere dominicainNDdeChalais,Voreppe, Is\u00e8re\" width=\"446\" height=\"379\" srcset=\"https:\/\/www.associationdemarie.org\/blog\/wp-content\/uploads\/2016\/01\/Monastere-dominicainNDdeChalaisVoreppe-Is\u00e8re.jpg 598w, https:\/\/www.associationdemarie.org\/blog\/wp-content\/uploads\/2016\/01\/Monastere-dominicainNDdeChalaisVoreppe-Is\u00e8re-300x255.jpg 300w\" sizes=\"auto, (max-width: 446px) 100vw, 446px\" \/><\/a><\/p>\n<p>Nous avons besoin de cette lumi\u00e8re qui vient d\u2019en haut pour correspondre de mani\u00e8re coh\u00e9rente \u00e0 la vocation que nous avons re\u00e7ue. Annoncer l\u2019\u00c9vangile du Christ n\u2019est pas un choix que nous pourrions faire parmi tant d\u2019autres, ce n\u2019est pas non plus une profession. Pour l\u2019\u00c9glise, \u00eatre missionnaire ne signifie pas faire du pros\u00e9lytisme. (&#8230;) Combien de personnes attendent de nous cet engagement missionnaire, parce qu\u2019elles ont besoin du Christ, elles ont besoin de conna\u00eetre le visage du P\u00e8re.<br \/>\nLes semences de v\u00e9rit\u00e9 sont pr\u00e9sentes partout, parce qu\u2019elles sont un don du cr\u00e9ateur qui appelle chacun \u00e0 le reconna\u00eetre comme P\u00e8re bon et fid\u00e8le. (&#8230;) Beaucoup de personnes, aussi de nos jours, vivent avec le \u201cc\u0153ur inquiet\u201d qui continue \u00e0 interroger sans trouver de r\u00e9ponses certaines \u2013 c\u2019est l\u2019inqui\u00e9tude de l\u2019Esprit Saint qui se meut dans les c\u0153urs. (&#8230;)<br \/>\nNous sommes sollicit\u00e9s, surtout \u00e0 une \u00e9poque comme la n\u00f4tre, \u00e0 nous mettre \u00e0 la recherche des signes que Dieu offre, sachant qu\u2019ils demandent notre engagement pour les d\u00e9chiffrer, et comprendre ainsi sa volont\u00e9. Suivons la lumi\u00e8re que Dieu nous offre, (&#8230;) la lumi\u00e8re qui \u00e9mane du visage du Christ, plein de mis\u00e9ricorde et de fid\u00e9lit\u00e9. Et, une fois arriv\u00e9s devant lui, adorons-le de tout notre c\u0153ur, et pr\u00e9sentons-lui nos dons: notre libert\u00e9, notre intelligence, notre amour. (&#8230;) C\u2019est l\u00e0 la source de cette lumi\u00e8re, qui attire \u00e0 elle toute personne dans le monde, et oriente le chemin des peuples sur la voie de la paix.<\/p>\n<p>Extrait de l&rsquo;hom\u00e9lie du pape Fran\u00e7ois 06\/01\/2016<br \/>\nzenit.org<\/p>\n<p>&nbsp;<\/p>\n<p>&nbsp;<\/p>\n","protected":false},"excerpt":{"rendered":"<p>Nous avons besoin de cette lumi\u00e8re qui vient d\u2019en haut pour correspondre de mani\u00e8re coh\u00e9rente \u00e0 la vocation que nous avons re\u00e7ue. Annoncer l\u2019\u00c9vangile du Christ n\u2019est pas un choix que nous pourrions faire parmi tant d\u2019autres, ce n\u2019est pas non plus une profession. Pour l\u2019\u00c9glise, \u00eatre missionnaire ne signifie pas faire du pros\u00e9lytisme. (&#8230;) [&hellip;]<\/p>\n","protected":false},"author":2,"featured_media":0,"comment_status":"closed","ping_status":"closed","sticky":false,"template":"","format":"standard","meta":{"footnotes":""},"categories":[2,1261],"tags":[149,336,387,761],"class_list":["post-12391","post","type-post","status-publish","format-standard","hentry","category-actualites","category-enseignement-2","tag-bible","tag-eglise","tag-evangelisation","tag-pape-francois"],"_links":{"self":[{"href":"https:\/\/www.associationdemarie.org\/blog\/wp-json\/wp\/v2\/posts\/12391","targetHints":{"allow":["GET"]}}],"collection":[{"href":"https:\/\/www.associationdemarie.org\/blog\/wp-json\/wp\/v2\/posts"}],"about":[{"href":"https:\/\/www.associationdemarie.org\/blog\/wp-json\/wp\/v2\/types\/post"}],"author":[{"embeddable":true,"href":"https:\/\/www.associationdemarie.org\/blog\/wp-json\/wp\/v2\/users\/2"}],"replies":[{"embeddable":true,"href":"https:\/\/www.associationdemarie.org\/blog\/wp-json\/wp\/v2\/comments?post=12391"}],"version-history":[{"count":2,"href":"https:\/\/www.associationdemarie.org\/blog\/wp-json\/wp\/v2\/posts\/12391\/revisions"}],"predecessor-version":[{"id":12394,"href":"https:\/\/www.associationdemarie.org\/blog\/wp-json\/wp\/v2\/posts\/12391\/revisions\/12394"}],"wp:attachment":[{"href":"https:\/\/www.associationdemarie.org\/blog\/wp-json\/wp\/v2\/media?parent=12391"}],"wp:term":[{"taxonomy":"category","embeddable":true,"href":"https:\/\/www.associationdemarie.org\/blog\/wp-json\/wp\/v2\/categories?post=12391"},{"taxonomy":"post_tag","embeddable":true,"href":"https:\/\/www.associationdemarie.org\/blog\/wp-json\/wp\/v2\/tags?post=12391"}],"curies":[{"name":"wp","href":"https:\/\/api.w.org\/{rel}","templated":true}]}}