{"id":12366,"date":"2016-01-31T01:30:58","date_gmt":"2016-01-31T00:30:58","guid":{"rendered":"http:\/\/www.associationdemarie.org\/blog\/?p=12366"},"modified":"2016-01-15T19:49:57","modified_gmt":"2016-01-15T18:49:57","slug":"mais-lui-passant-au-milieu-deux-allait-son-chemin","status":"publish","type":"post","link":"https:\/\/www.associationdemarie.org\/blog\/mais-lui-passant-au-milieu-deux-allait-son-chemin\/","title":{"rendered":"\u00ab Mais lui, passant au milieu d&rsquo;eux, allait son chemin. \u00bb"},"content":{"rendered":"<p><a href=\"https:\/\/www.associationdemarie.org\/blog\/wp-content\/uploads\/2016\/01\/fr-evangile-illustre-2015-08-31.jpg\"><img loading=\"lazy\" decoding=\"async\" class=\"aligncenter wp-image-12367\" src=\"https:\/\/www.associationdemarie.org\/blog\/wp-content\/uploads\/2016\/01\/fr-evangile-illustre-2015-08-31.jpg\" alt=\"fr-evangile-illustre-2015-08-31\" width=\"441\" height=\"264\" srcset=\"https:\/\/www.associationdemarie.org\/blog\/wp-content\/uploads\/2016\/01\/fr-evangile-illustre-2015-08-31.jpg 680w, https:\/\/www.associationdemarie.org\/blog\/wp-content\/uploads\/2016\/01\/fr-evangile-illustre-2015-08-31-300x180.jpg 300w\" sizes=\"auto, (max-width: 441px) 100vw, 441px\" \/><\/a><\/p>\n<p>Le Christ a voulu amener \u00e0 lui le monde entier et conduire \u00e0 Dieu le P\u00e8re tous les habitants de la terre&#8230; Les gens venus du paganisme, enrichis de la foi dans le Christ, ont b\u00e9n\u00e9fici\u00e9 du divin tr\u00e9sor de la proclamation qui apporte le salut. Par elle, ils sont devenus participants du Royaume des cieux et compagnons des saints, h\u00e9ritiers des r\u00e9alit\u00e9s inexprimables (Ep 2,19.3,6)&#8230; Le Christ promet la gu\u00e9rison et le pardon des p\u00e9ch\u00e9s \u00e0 ceux qui ont le c\u0153ur bris\u00e9, et il rend la vue aux aveugles. Comment ne seraient-ils pas aveugles ceux qui ne reconnaissent pas celui qui est le Dieu v\u00e9ritable ? Leur c\u0153ur n&rsquo;est-il pas priv\u00e9 de la lumi\u00e8re divine et spirituelle ? A eux, le P\u00e8re envoie la lumi\u00e8re de la vraie connaissance de Dieu. Appel\u00e9s par la foi, ils l&rsquo;ont connu ; plus encore, ils ont \u00e9t\u00e9 connus par lui. Alors qu&rsquo;ils \u00e9taient fils de la nuit et des t\u00e9n\u00e8bres, ils sont devenus enfants de la lumi\u00e8re (Ep 5,8), car le jour les a illumin\u00e9s, le Soleil de justice s&rsquo;est lev\u00e9 pour eux (Ml 3,20), et l&rsquo;\u00e9toile du matin leur est apparue dans tout son \u00e9clat (Ap 22,16).<\/p>\n<p>Rien pourtant ne s&rsquo;oppose \u00e0 ce que nous appliquions tout ce que nous venons de dire aux descendants d&rsquo;Isra\u00ebl. Eux aussi, en effet, avaient le c\u0153ur bris\u00e9, ils \u00e9taient pauvres et comme prisonniers, et remplis de t\u00e9n\u00e8bres&#8230; Mais le Christ est venu annoncer les bienfaits de son av\u00e8nement, pr\u00e9cis\u00e9ment aux descendants d&rsquo;Isra\u00ebl avant les autres, et proclamer en m\u00eame temps l&rsquo;ann\u00e9e de gr\u00e2ce du Seigneur (Lc 4,19) et le jour de la r\u00e9compense.<\/p>\n<p>L&rsquo;ann\u00e9e de gr\u00e2ce, c&rsquo;est celle o\u00f9 le Christ a \u00e9t\u00e9 crucifi\u00e9 pour nous. Car c&rsquo;est alors que nous sommes devenus agr\u00e9ables \u00e0 Dieu le P\u00e8re. Et nous portons du fruit par le Christ, comme lui-m\u00eame nous l&rsquo;a enseign\u00e9 : \u00ab Amen, amen, je vous le dis : si le grain de bl\u00e9 tomb\u00e9 en terre ne meurt pas, il reste seul ; mais s&rsquo;il meurt, il donne un fruit plus abondant \u00bb (Jn 12,24). Il a dit encore : \u00ab Quand j&rsquo;aurai \u00e9t\u00e9 \u00e9lev\u00e9 de terre, j&rsquo;attirerai \u00e0 moi tous les hommes \u00bb (Jn 12,32). En v\u00e9rit\u00e9, il a repris vie le troisi\u00e8me jour, apr\u00e8s avoir foul\u00e9 aux pieds la puissance de la mort. Puis il a dit aux saints disciples : \u00ab Tout pouvoir m&rsquo;a \u00e9t\u00e9 donn\u00e9 au ciel et sur la terre. Allez ! De toutes les nations faites des disciples \u00bb (Mt 28,18-19).<\/p>\n<p>Saint Cyrille d&rsquo;Alexandrie (380-444), \u00e9v\u00eaque et docteur de l&rsquo;\u00c9glise<br \/>\nSur le proph\u00e8te Isa\u00efe, 5, 5; PG 70, 1352 (trad. Delhougne, Les P\u00e8res commentent, p. 394)<\/p>\n<p>&nbsp;<\/p>\n<p>&nbsp;<\/p>\n<p>&nbsp;<\/p>\n","protected":false},"excerpt":{"rendered":"<p>Le Christ a voulu amener \u00e0 lui le monde entier et conduire \u00e0 Dieu le P\u00e8re tous les habitants de la terre&#8230; Les gens venus du paganisme, enrichis de la foi dans le Christ, ont b\u00e9n\u00e9fici\u00e9 du divin tr\u00e9sor de la proclamation qui apporte le salut. Par elle, ils sont devenus participants du Royaume des [&hellip;]<\/p>\n","protected":false},"author":2,"featured_media":0,"comment_status":"closed","ping_status":"closed","sticky":false,"template":"","format":"standard","meta":{"footnotes":""},"categories":[3,13,1261,28],"tags":[220,1382,387,512,777],"class_list":["post-12366","post","type-post","status-publish","format-standard","hentry","category-liturgique","category-ecritures","category-enseignement-2","category-saints-et-saintes","tag-christ","tag-ecritures","tag-evangelisation","tag-israel","tag-passion"],"_links":{"self":[{"href":"https:\/\/www.associationdemarie.org\/blog\/wp-json\/wp\/v2\/posts\/12366","targetHints":{"allow":["GET"]}}],"collection":[{"href":"https:\/\/www.associationdemarie.org\/blog\/wp-json\/wp\/v2\/posts"}],"about":[{"href":"https:\/\/www.associationdemarie.org\/blog\/wp-json\/wp\/v2\/types\/post"}],"author":[{"embeddable":true,"href":"https:\/\/www.associationdemarie.org\/blog\/wp-json\/wp\/v2\/users\/2"}],"replies":[{"embeddable":true,"href":"https:\/\/www.associationdemarie.org\/blog\/wp-json\/wp\/v2\/comments?post=12366"}],"version-history":[{"count":1,"href":"https:\/\/www.associationdemarie.org\/blog\/wp-json\/wp\/v2\/posts\/12366\/revisions"}],"predecessor-version":[{"id":12368,"href":"https:\/\/www.associationdemarie.org\/blog\/wp-json\/wp\/v2\/posts\/12366\/revisions\/12368"}],"wp:attachment":[{"href":"https:\/\/www.associationdemarie.org\/blog\/wp-json\/wp\/v2\/media?parent=12366"}],"wp:term":[{"taxonomy":"category","embeddable":true,"href":"https:\/\/www.associationdemarie.org\/blog\/wp-json\/wp\/v2\/categories?post=12366"},{"taxonomy":"post_tag","embeddable":true,"href":"https:\/\/www.associationdemarie.org\/blog\/wp-json\/wp\/v2\/tags?post=12366"}],"curies":[{"name":"wp","href":"https:\/\/api.w.org\/{rel}","templated":true}]}}